{"id":54795,"date":"2025-09-14T12:34:45","date_gmt":"2025-09-14T09:34:45","guid":{"rendered":"https:\/\/www.egemtv.com\/?p=54795"},"modified":"2025-09-14T12:34:46","modified_gmt":"2025-09-14T09:34:46","slug":"dugunde-gelin-ve-damada-jant-hediye-edildi","status":"publish","type":"post","link":"https:\/\/www.egemtv.com\/?p=54795","title":{"rendered":"D\u00fc\u011f\u00fcnde gelin ve damada jant hediye edildi"},"content":{"rendered":"<p>\u0130zmir\u2019de bir d\u00fc\u011f\u00fcn merasiminde gelin ve damada araba jant\u0131 tak\u0131 olarak tak\u0131ld\u0131.<br \/>\n<br \/>\u0130zmir\u2019de ya\u015fayan Seyde ve Ferhat Altunda\u011f \u00e7ifti, \u00c7e\u015fme il\u00e7esindeki bir d\u00fc\u011f\u00fcn salonunda d\u00fcnyaevine girdi. D\u00fc\u011f\u00fcnde tak\u0131 merasimine ge\u00e7ildi\u011finde davetliler gelin ve damada tak\u0131lar\u0131n\u0131 takmaya ba\u015flad\u0131. \u00c7iftin d\u00fc\u011f\u00fcn\u00fcne kat\u0131lan Sait Ece ise bir araba jant ile d\u00fc\u011f\u00fcn salonuna girdi. Davetlilerin \u015fa\u015fk\u0131n bak\u0131\u015flar\u0131 aras\u0131nda gelin ve damad\u0131n yan\u0131na gelen Ece, tak\u0131 t\u00f6reni merasiminde gelin ve damada araba jant\u0131 hediye etti.<br \/><\/p>\n","protected":false},"excerpt":{"rendered":"<p>\u0130zmir\u2019de bir d\u00fc\u011f\u00fcn merasiminde gelin ve damada araba jant\u0131 tak\u0131 olarak tak\u0131ld\u0131. \u0130zmir\u2019de ya\u015fayan Seyde ve Ferhat Altunda\u011f \u00e7ifti, \u00c7e\u015fme il\u00e7esindeki bir d\u00fc\u011f\u00fcn salonunda d\u00fcnyaevine girdi. D\u00fc\u011f\u00fcnde tak\u0131 merasimine ge\u00e7ildi\u011finde davetliler gelin ve damada tak\u0131lar\u0131n\u0131 takmaya ba\u015flad\u0131. \u00c7iftin d\u00fc\u011f\u00fcn\u00fcne kat\u0131lan Sait Ece ise bir araba jant ile d\u00fc\u011f\u00fcn salonuna girdi. Davetlilerin \u015fa\u015fk\u0131n bak\u0131\u015flar\u0131 aras\u0131nda gelin&#8230;<\/p>\n","protected":false},"author":1,"featured_media":54796,"comment_status":"open","ping_status":"open","sticky":false,"template":"","format":"standard","meta":{"_crdt_document":"","footnotes":""},"categories":[1],"tags":[],"class_list":["post-54795","post","type-post","status-publish","format-standard","has-post-thumbnail","hentry","category-guncel"],"_links":{"self":[{"href":"https:\/\/www.egemtv.com\/index.php?rest_route=\/wp\/v2\/posts\/54795","targetHints":{"allow":["GET"]}}],"collection":[{"href":"https:\/\/www.egemtv.com\/index.php?rest_route=\/wp\/v2\/posts"}],"about":[{"href":"https:\/\/www.egemtv.com\/index.php?rest_route=\/wp\/v2\/types\/post"}],"author":[{"embeddable":true,"href":"https:\/\/www.egemtv.com\/index.php?rest_route=\/wp\/v2\/users\/1"}],"replies":[{"embeddable":true,"href":"https:\/\/www.egemtv.com\/index.php?rest_route=%2Fwp%2Fv2%2Fcomments&post=54795"}],"version-history":[{"count":1,"href":"https:\/\/www.egemtv.com\/index.php?rest_route=\/wp\/v2\/posts\/54795\/revisions"}],"predecessor-version":[{"id":54797,"href":"https:\/\/www.egemtv.com\/index.php?rest_route=\/wp\/v2\/posts\/54795\/revisions\/54797"}],"wp:featuredmedia":[{"embeddable":true,"href":"https:\/\/www.egemtv.com\/index.php?rest_route=\/wp\/v2\/media\/54796"}],"wp:attachment":[{"href":"https:\/\/www.egemtv.com\/index.php?rest_route=%2Fwp%2Fv2%2Fmedia&parent=54795"}],"wp:term":[{"taxonomy":"category","embeddable":true,"href":"https:\/\/www.egemtv.com\/index.php?rest_route=%2Fwp%2Fv2%2Fcategories&post=54795"},{"taxonomy":"post_tag","embeddable":true,"href":"https:\/\/www.egemtv.com\/index.php?rest_route=%2Fwp%2Fv2%2Ftags&post=54795"}],"curies":[{"name":"wp","href":"https:\/\/api.w.org\/{rel}","templated":true}]}}