{"id":54792,"date":"2025-09-14T12:15:00","date_gmt":"2025-09-14T09:15:00","guid":{"rendered":"https:\/\/www.egemtv.com\/?p=54792"},"modified":"2025-09-14T12:15:02","modified_gmt":"2025-09-14T09:15:02","slug":"bergamanin-kurtulusunun-103-yili-coskuyla-kutlandi","status":"publish","type":"post","link":"https:\/\/www.egemtv.com\/?p=54792","title":{"rendered":"Bergama\u2019n\u0131n kurtulu\u015funun 103. y\u0131l\u0131 co\u015fkuyla kutland\u0131"},"content":{"rendered":"<p>Bergama\u2019n\u0131n d\u00fc\u015fman i\u015fgalinden kurtulu\u015funun 103. y\u0131l d\u00f6n\u00fcm\u00fc kapsam\u0131nda \u00e7e\u015fitli etkinlikler d\u00fczenlendi.<br \/>\n<br \/>Bergama\u2019n\u0131n d\u00fc\u015fman i\u015fgalinden kurtulu\u015funun 103. y\u0131l d\u00f6n\u00fcm\u00fc Cumhuriyet Meydan\u0131\u2019nda d\u00fczenlenen t\u00f6renle kutland\u0131. T\u00f6ren, Kaymakaml\u0131k \u00f6n\u00fcnde \u00e7elenk sunma program\u0131yla ba\u015flad\u0131. Ard\u0131ndan Cumhuriyet Meydan\u0131\u2019nda \u0130stiklal Mar\u015f\u0131\u2019n\u0131n okunmas\u0131yla kutlamalar devam etti. Halk oyunlar\u0131 g\u00f6sterileri, \u015fiir dinletileri ve g\u00fcn\u00fcn anlam ve \u00f6nemini belirten konu\u015fmalar vatanda\u015flardan b\u00fcy\u00fck alk\u0131\u015f ald\u0131. T\u00f6ren, halk oyunlar\u0131 g\u00f6sterisi ve \u015fiir dinletisinin ard\u0131ndan sona erdi. Programa Bergama Kaymakam\u0131 Avni Oral, Garnizon Komutan\u0131 Tank Alb. H\u00fcseyin Dindar, \u0130l\u00e7e Jandarma Komutan\u0131 Abdulkadir K\u00fct\u00fck\u00e7\u00fc, siyasi parti il\u00e7e ba\u015fkanlar\u0131, sivil toplum kurulu\u015fu temsilcileri ve \u00e7ok say\u0131da vatanda\u015f kat\u0131ld\u0131.<\/p>\n<p>Bergama Belediye Ba\u015fkan\u0131 Tanju \u00c7elik yapt\u0131\u011f\u0131 konu\u015fmada, T\u00fcrk milletinin ba\u011f\u0131ms\u0131zl\u0131k m\u00fccadelesini ve Bergama\u2019n\u0131n i\u015fgal y\u0131llar\u0131ndaki direni\u015fini hat\u0131rlatt\u0131. \u00c7elik konu\u015fmas\u0131nda \u015funlar\u0131 s\u00f6yledi:<br \/>\n<br \/>&#8220;20. y\u00fczy\u0131l\u0131n ba\u015f\u0131nda Anadolu, Balkan Sava\u015flar\u0131 ve 1. D\u00fcnya Sava\u015f\u0131 sonras\u0131 yorgun ve bitap d\u00fc\u015fm\u00fc\u015ft\u00fc. 15 May\u0131s 1919\u2019da Yunan ordusu \u0130zmir\u2019i i\u015fgale ba\u015flad\u0131. Ard\u0131ndan 19 May\u0131s\u2019ta Atat\u00fcrk \u00f6nderli\u011finde ba\u015flayan Milli M\u00fccadele, 26 A\u011fustos 1922\u2019de B\u00fcy\u00fck Taarruz\u2019la ta\u00e7land\u0131 ve 30 A\u011fustos Zaferi\u2019nin ard\u0131ndan 9 Eyl\u00fcl\u2019de \u0130zmir kurtar\u0131ld\u0131.&#8221;<br \/>\n<br \/>Bergama ise 12 Haziran 1919\u2019da ilk kez Yunan i\u015fgaline u\u011frad\u0131. Yap\u0131lan bir bask\u0131nda 400\u2019den fazla Yunan askeri \u00f6ld\u00fcr\u00fcld\u00fc ancak bunun intikam\u0131 Menemen\u2019de katliamlarla al\u0131nd\u0131. 19 Haziran 1919\u2019da Bergama, 3 bin ki\u015filik Yunan birli\u011fi taraf\u0131ndan yeniden i\u015fgal edildi. Yakla\u015f\u0131k \u00fc\u00e7 y\u0131l s\u00fcren bu i\u015fgalde halk zul\u00fcm ve katliamlarla kar\u015f\u0131 kar\u015f\u0131ya kald\u0131. K\u00f6ylerde, Kozak Yaylas\u0131\u2019nda ve \u00e7evrede b\u00fcy\u00fck ac\u0131lar ya\u015fand\u0131. 14 Eyl\u00fcl 1922\u2019de Bergama i\u015fgalden kurtuldu. Ancak bu s\u00fcre\u00e7te yakla\u015f\u0131k 100 bin ki\u015fi \u015fehri terk etmek zorunda kald\u0131. N\u00fcfus yar\u0131ya indi, g\u00f6\u00e7 edenlerin bir k\u0131sm\u0131 geri d\u00f6nmedi.<br \/><\/p>\n","protected":false},"excerpt":{"rendered":"<p>Bergama\u2019n\u0131n d\u00fc\u015fman i\u015fgalinden kurtulu\u015funun 103. y\u0131l d\u00f6n\u00fcm\u00fc kapsam\u0131nda \u00e7e\u015fitli etkinlikler d\u00fczenlendi. Bergama\u2019n\u0131n d\u00fc\u015fman i\u015fgalinden kurtulu\u015funun 103. y\u0131l d\u00f6n\u00fcm\u00fc Cumhuriyet Meydan\u0131\u2019nda d\u00fczenlenen t\u00f6renle kutland\u0131. T\u00f6ren, Kaymakaml\u0131k \u00f6n\u00fcnde \u00e7elenk sunma program\u0131yla ba\u015flad\u0131. Ard\u0131ndan Cumhuriyet Meydan\u0131\u2019nda \u0130stiklal Mar\u015f\u0131\u2019n\u0131n okunmas\u0131yla kutlamalar devam etti. Halk oyunlar\u0131 g\u00f6sterileri, \u015fiir dinletileri ve g\u00fcn\u00fcn anlam ve \u00f6nemini belirten konu\u015fmalar vatanda\u015flardan b\u00fcy\u00fck alk\u0131\u015f ald\u0131&#8230;.<\/p>\n","protected":false},"author":1,"featured_media":54793,"comment_status":"open","ping_status":"open","sticky":false,"template":"","format":"standard","meta":{"_crdt_document":"","footnotes":""},"categories":[1],"tags":[],"class_list":["post-54792","post","type-post","status-publish","format-standard","has-post-thumbnail","hentry","category-guncel"],"_links":{"self":[{"href":"https:\/\/www.egemtv.com\/index.php?rest_route=\/wp\/v2\/posts\/54792","targetHints":{"allow":["GET"]}}],"collection":[{"href":"https:\/\/www.egemtv.com\/index.php?rest_route=\/wp\/v2\/posts"}],"about":[{"href":"https:\/\/www.egemtv.com\/index.php?rest_route=\/wp\/v2\/types\/post"}],"author":[{"embeddable":true,"href":"https:\/\/www.egemtv.com\/index.php?rest_route=\/wp\/v2\/users\/1"}],"replies":[{"embeddable":true,"href":"https:\/\/www.egemtv.com\/index.php?rest_route=%2Fwp%2Fv2%2Fcomments&post=54792"}],"version-history":[{"count":1,"href":"https:\/\/www.egemtv.com\/index.php?rest_route=\/wp\/v2\/posts\/54792\/revisions"}],"predecessor-version":[{"id":54794,"href":"https:\/\/www.egemtv.com\/index.php?rest_route=\/wp\/v2\/posts\/54792\/revisions\/54794"}],"wp:featuredmedia":[{"embeddable":true,"href":"https:\/\/www.egemtv.com\/index.php?rest_route=\/wp\/v2\/media\/54793"}],"wp:attachment":[{"href":"https:\/\/www.egemtv.com\/index.php?rest_route=%2Fwp%2Fv2%2Fmedia&parent=54792"}],"wp:term":[{"taxonomy":"category","embeddable":true,"href":"https:\/\/www.egemtv.com\/index.php?rest_route=%2Fwp%2Fv2%2Fcategories&post=54792"},{"taxonomy":"post_tag","embeddable":true,"href":"https:\/\/www.egemtv.com\/index.php?rest_route=%2Fwp%2Fv2%2Ftags&post=54792"}],"curies":[{"name":"wp","href":"https:\/\/api.w.org\/{rel}","templated":true}]}}