{"id":54789,"date":"2025-09-14T12:14:59","date_gmt":"2025-09-14T09:14:59","guid":{"rendered":"https:\/\/www.egemtv.com\/?p=54789"},"modified":"2025-09-14T12:15:00","modified_gmt":"2025-09-14T09:15:00","slug":"nazillide-final-heyecani-dev-ekranda-yasanacak","status":"publish","type":"post","link":"https:\/\/www.egemtv.com\/?p=54789","title":{"rendered":"Nazilli\u2019de final heyecan\u0131 dev ekranda ya\u015fanacak"},"content":{"rendered":"<p>Avrupa Basketbol \u015eampiyonas\u0131 finalinde Almanya ile kar\u015f\u0131la\u015facak olan T\u00fcrkiye Basketbol Milli tak\u0131m\u0131n\u0131n m\u00fccadelesi Nazilli\u2019de Cumhuriyet Meydan\u0131\u2019na kurulacak dev ekrandan izlenebilecek.<br \/>\n<br \/>2025 Avrupa Basketbol \u015eampiyonas\u0131 (EuroBasket 2025) yar\u0131 finalinde T\u00fcrkiye, Yunanistan\u2019\u0131 94-68 ma\u011flup ederek finale y\u00fckseldi. T\u00fcrkiye &#8211; Almanya basketbol final ma\u00e7\u0131 14 Eyl\u00fcl Pazar g\u00fcn\u00fc saat 21.00\u2019de oynanacak. Nazilli Belediyesi dev ma\u00e7\u0131 dev ekrandan vatanda\u015flar ile bulu\u015fturacak. Cumhuriyet Meydan\u0131\u2019da kurulacak olan dev ekranlardan final heyecan\u0131 ya\u015fanacak. Nazilli Belediye Ba\u015fkan\u0131 Dr. Ertu\u011frul Tetik T\u00fcrkiye-Almanya final ma\u00e7\u0131n\u0131n heyecan\u0131n\u0131 dev ekranlardan ya\u015famak i\u00e7in t\u00fcm Nazillileri ma\u00e7a davet etti.<br \/><\/p>\n","protected":false},"excerpt":{"rendered":"<p>Avrupa Basketbol \u015eampiyonas\u0131 finalinde Almanya ile kar\u015f\u0131la\u015facak olan T\u00fcrkiye Basketbol Milli tak\u0131m\u0131n\u0131n m\u00fccadelesi Nazilli\u2019de Cumhuriyet Meydan\u0131\u2019na kurulacak dev ekrandan izlenebilecek. 2025 Avrupa Basketbol \u015eampiyonas\u0131 (EuroBasket 2025) yar\u0131 finalinde T\u00fcrkiye, Yunanistan\u2019\u0131 94-68 ma\u011flup ederek finale y\u00fckseldi. T\u00fcrkiye &#8211; Almanya basketbol final ma\u00e7\u0131 14 Eyl\u00fcl Pazar g\u00fcn\u00fc saat 21.00\u2019de oynanacak. Nazilli Belediyesi dev ma\u00e7\u0131 dev ekrandan vatanda\u015flar&#8230;<\/p>\n","protected":false},"author":1,"featured_media":54790,"comment_status":"open","ping_status":"open","sticky":false,"template":"","format":"standard","meta":{"_crdt_document":"","footnotes":""},"categories":[4],"tags":[],"class_list":["post-54789","post","type-post","status-publish","format-standard","has-post-thumbnail","hentry","category-spor"],"_links":{"self":[{"href":"https:\/\/www.egemtv.com\/index.php?rest_route=\/wp\/v2\/posts\/54789","targetHints":{"allow":["GET"]}}],"collection":[{"href":"https:\/\/www.egemtv.com\/index.php?rest_route=\/wp\/v2\/posts"}],"about":[{"href":"https:\/\/www.egemtv.com\/index.php?rest_route=\/wp\/v2\/types\/post"}],"author":[{"embeddable":true,"href":"https:\/\/www.egemtv.com\/index.php?rest_route=\/wp\/v2\/users\/1"}],"replies":[{"embeddable":true,"href":"https:\/\/www.egemtv.com\/index.php?rest_route=%2Fwp%2Fv2%2Fcomments&post=54789"}],"version-history":[{"count":1,"href":"https:\/\/www.egemtv.com\/index.php?rest_route=\/wp\/v2\/posts\/54789\/revisions"}],"predecessor-version":[{"id":54791,"href":"https:\/\/www.egemtv.com\/index.php?rest_route=\/wp\/v2\/posts\/54789\/revisions\/54791"}],"wp:featuredmedia":[{"embeddable":true,"href":"https:\/\/www.egemtv.com\/index.php?rest_route=\/wp\/v2\/media\/54790"}],"wp:attachment":[{"href":"https:\/\/www.egemtv.com\/index.php?rest_route=%2Fwp%2Fv2%2Fmedia&parent=54789"}],"wp:term":[{"taxonomy":"category","embeddable":true,"href":"https:\/\/www.egemtv.com\/index.php?rest_route=%2Fwp%2Fv2%2Fcategories&post=54789"},{"taxonomy":"post_tag","embeddable":true,"href":"https:\/\/www.egemtv.com\/index.php?rest_route=%2Fwp%2Fv2%2Ftags&post=54789"}],"curies":[{"name":"wp","href":"https:\/\/api.w.org\/{rel}","templated":true}]}}