{"id":54786,"date":"2025-09-14T11:55:31","date_gmt":"2025-09-14T08:55:31","guid":{"rendered":"https:\/\/www.egemtv.com\/?p=54786"},"modified":"2025-09-14T11:55:33","modified_gmt":"2025-09-14T08:55:33","slug":"omer-sefa-polat-kurek-sporu-turkiyenin-yeni-diplomasi-dili-olacak","status":"publish","type":"post","link":"https:\/\/www.egemtv.com\/?p=54786","title":{"rendered":"\u00d6mer Sefa Polat: &#8220;K\u00fcrek sporu, T\u00fcrkiye\u2019nin yeni diplomasi dili olacak&#8221;"},"content":{"rendered":"<p>Dalyan Spor Kul\u00fcb\u00fc Ba\u015fkan\u0131 ve \u0130dealtepe Su Sporlar\u0131 Y\u00f6neticisi \u00d6mer Sefa Polat, T\u00fcrkiye\u2019de su sporlar\u0131n\u0131n geli\u015fimine y\u00f6nelik \u00f6nemli a\u00e7\u0131klamalarda bulunarak, k\u00fcrek sporunun T\u00fcrkiye\u2019nin yeni diplomas\u0131 dili olaca\u011f\u0131n\u0131 ifade etti.<br \/>\n<br \/>Dalyan Spor Kul\u00fcb\u00fc Ba\u015fkan\u0131 ve \u0130dealtepe Su Sporlar\u0131 Y\u00f6neticisi \u00d6mer Sefa Polat, T\u00fcrkiye\u2019deki su sporlar\u0131na y\u00f6nelik \u00f6nemli a\u00e7\u0131klamalarda bulundu. Uzmanlara g\u00f6re de k\u00fcrek sporu, olimpiyatlarda \u00fclke temsil g\u00fcc\u00fcn\u00fc art\u0131rma potansiyelinin yan\u0131 s\u0131ra, gen\u00e7lerin k\u00f6t\u00fc al\u0131\u015fkanl\u0131klardan uzak durmas\u0131n\u0131 ve sa\u011fl\u0131kl\u0131 bir ya\u015fam tarz\u0131 benimsemesini de te\u015fvik ediyor. Son 5 y\u0131lda 26 farkl\u0131 giri\u015fim ba\u015flatt\u0131\u011f\u0131n\u0131 belirten Polat, bunlardan 6\u2019s\u0131n\u0131n aktif olarak faaliyetlerini s\u00fcrd\u00fcrd\u00fc\u011f\u00fcn\u00fc kaydetti. K\u00fcrek sporunun yaln\u0131zca sportif bir faaliyet de\u011fil, ayn\u0131 zamanda uluslararas\u0131 ileti\u015fim ve tan\u0131t\u0131m a\u00e7\u0131s\u0131ndan da \u00f6nemli bir misyon \u00fcstlenebilece\u011fini vurgulayan \u00d6mer Sefa Polat, &#8220;K\u00fcrek sporu, T\u00fcrkiye\u2019nin yeni diplomasi dili olacak. Bu bran\u015f, hem gen\u00e7lerimize yeni ufuklar a\u00e7acak hem de \u00fclkemizin d\u00fcnyadaki imaj\u0131na katk\u0131 sa\u011flayacak&#8221; dedi.<br \/>\n<br \/>T\u00fcrkiye\u2019nin su sporlar\u0131 potansiyelinin yeterince de\u011ferlendirilemedi\u011fini belirten Polat, kurumsal desteklerin ve do\u011fru yat\u0131r\u0131mlar\u0131n artmas\u0131 halinde bu alanda k\u0131sa s\u00fcrede b\u00fcy\u00fck ba\u015far\u0131lar\u0131n elde edilebilece\u011fini ifade etti.<br \/>\n<br \/>Avrupa ve Amerika\u2019da uzun y\u0131llard\u0131r yayg\u0131n olarak yap\u0131lan k\u00fcrek sporunun, T\u00fcrkiye\u2019de de giderek daha fazla ilgi g\u00f6rd\u00fc\u011f\u00fcn\u00fc ifade eden \u00d6mer Sefa Polat, do\u011fru yat\u0131r\u0131mlar ve kurumsal desteklerle bu bran\u015f\u0131n k\u0131sa s\u00fcrede d\u00fcnya \u00e7ap\u0131nda ba\u015far\u0131lar getirebilece\u011fini dile getirdi.<br \/>\n<br \/>Polat, son olarak da sporun diplomatik etkisine de dikkat \u00e7ekerek, &#8220;K\u00fcrek yar\u0131\u015fmalar\u0131 ve uluslararas\u0131 organizasyonlar, \u00fclkeler aras\u0131nda dostluk k\u00f6pr\u00fcleri kurabilecek g\u00fc\u00e7l\u00fc bir enstr\u00fcman. Biz bu vizyonla hareket ediyoruz&#8221; ifadelerini kulland\u0131.<br \/><\/p>\n","protected":false},"excerpt":{"rendered":"<p>Dalyan Spor Kul\u00fcb\u00fc Ba\u015fkan\u0131 ve \u0130dealtepe Su Sporlar\u0131 Y\u00f6neticisi \u00d6mer Sefa Polat, T\u00fcrkiye\u2019de su sporlar\u0131n\u0131n geli\u015fimine y\u00f6nelik \u00f6nemli a\u00e7\u0131klamalarda bulunarak, k\u00fcrek sporunun T\u00fcrkiye\u2019nin yeni diplomas\u0131 dili olaca\u011f\u0131n\u0131 ifade etti. Dalyan Spor Kul\u00fcb\u00fc Ba\u015fkan\u0131 ve \u0130dealtepe Su Sporlar\u0131 Y\u00f6neticisi \u00d6mer Sefa Polat, T\u00fcrkiye\u2019deki su sporlar\u0131na y\u00f6nelik \u00f6nemli a\u00e7\u0131klamalarda bulundu. Uzmanlara g\u00f6re de k\u00fcrek sporu, olimpiyatlarda \u00fclke&#8230;<\/p>\n","protected":false},"author":1,"featured_media":54787,"comment_status":"open","ping_status":"open","sticky":false,"template":"","format":"standard","meta":{"_crdt_document":"","footnotes":""},"categories":[4],"tags":[],"class_list":["post-54786","post","type-post","status-publish","format-standard","has-post-thumbnail","hentry","category-spor"],"_links":{"self":[{"href":"https:\/\/www.egemtv.com\/index.php?rest_route=\/wp\/v2\/posts\/54786","targetHints":{"allow":["GET"]}}],"collection":[{"href":"https:\/\/www.egemtv.com\/index.php?rest_route=\/wp\/v2\/posts"}],"about":[{"href":"https:\/\/www.egemtv.com\/index.php?rest_route=\/wp\/v2\/types\/post"}],"author":[{"embeddable":true,"href":"https:\/\/www.egemtv.com\/index.php?rest_route=\/wp\/v2\/users\/1"}],"replies":[{"embeddable":true,"href":"https:\/\/www.egemtv.com\/index.php?rest_route=%2Fwp%2Fv2%2Fcomments&post=54786"}],"version-history":[{"count":1,"href":"https:\/\/www.egemtv.com\/index.php?rest_route=\/wp\/v2\/posts\/54786\/revisions"}],"predecessor-version":[{"id":54788,"href":"https:\/\/www.egemtv.com\/index.php?rest_route=\/wp\/v2\/posts\/54786\/revisions\/54788"}],"wp:featuredmedia":[{"embeddable":true,"href":"https:\/\/www.egemtv.com\/index.php?rest_route=\/wp\/v2\/media\/54787"}],"wp:attachment":[{"href":"https:\/\/www.egemtv.com\/index.php?rest_route=%2Fwp%2Fv2%2Fmedia&parent=54786"}],"wp:term":[{"taxonomy":"category","embeddable":true,"href":"https:\/\/www.egemtv.com\/index.php?rest_route=%2Fwp%2Fv2%2Fcategories&post=54786"},{"taxonomy":"post_tag","embeddable":true,"href":"https:\/\/www.egemtv.com\/index.php?rest_route=%2Fwp%2Fv2%2Ftags&post=54786"}],"curies":[{"name":"wp","href":"https:\/\/api.w.org\/{rel}","templated":true}]}}