{"id":54783,"date":"2025-09-14T11:35:03","date_gmt":"2025-09-14T08:35:03","guid":{"rendered":"https:\/\/www.egemtv.com\/?p=54783"},"modified":"2025-09-14T11:35:03","modified_gmt":"2025-09-14T08:35:03","slug":"vali-canbolat-talimat-verdi-85-yasindaki-durmus-amca-huzurevine-yerlestirildi","status":"publish","type":"post","link":"https:\/\/www.egemtv.com\/?p=54783","title":{"rendered":"Vali Canbolat talimat verdi, 85 ya\u015f\u0131ndaki Durmu\u015f amca huzurevine yerle\u015ftirildi"},"content":{"rendered":"<p>Ayd\u0131n\u2019\u0131n Efeler il\u00e7esinde uzun s\u00fcredir yaln\u0131z ya\u015fayan ve kimsesi olmad\u0131\u011f\u0131 i\u00e7in ihtiya\u00e7lar\u0131n\u0131 gideremeyecek durumda olan 85 ya\u015f\u0131ndaki Durmu\u015f Acar, Vali Yakup Canbolat\u2019\u0131n talimat\u0131yla evinden al\u0131narak S\u00f6ke Huzurevi\u2019ne yerle\u015ftirildi.<br \/>\n<br \/>Efeler il\u00e7esi \u0130mamk\u00f6y Mahallesi\u2019nde uzun s\u00fcredir yaln\u0131z ya\u015fayan 85 ya\u015f\u0131ndaki Durmu\u015f Acar\u2019a Ayd\u0131n Valili\u011fi el uzatt\u0131. Annesini k\u00fc\u00e7\u00fck ya\u015fta kaybeden ve kimsesi olmad\u0131\u011f\u0131 i\u00e7in y\u0131llard\u0131r yaln\u0131z ya\u015fayan Acar, ihtiya\u00e7lar\u0131n\u0131 gideremeyecek duruma geldi. \u0130lerleyen ya\u015f\u0131 ile birlikte zor g\u00fcnler ge\u00e7iren Durmu\u015f Amca\u2019n\u0131n sesinin duyan Ayd\u0131n Valisi Yakup Canbolat, yard\u0131m eli uzatarak Acar\u2019\u0131n huzurevine yerle\u015ftirilmesi i\u00e7in talimat verdi. Vali Canbolat\u2019\u0131n talimat\u0131 \u00fczerine harekete ge\u00e7en Ayd\u0131n Aile ve Sosyal Hizmetler \u0130l M\u00fcd\u00fcrl\u00fc\u011f\u00fc ekipleri, \u0130mamk\u00f6y\u2019e gitti. Durmu\u015f amcay\u0131 s\u0131cak bir yuvaya kavu\u015fturmak i\u00e7in harekete ge\u00e7en ekipler, gerekli sa\u011fl\u0131k kontrollerinin ard\u0131ndan 85 ya\u015f\u0131ndaki Acar\u2019\u0131 S\u00f6ke Huzurevi\u2019ne yerle\u015ftirdi.<br \/><\/p>\n","protected":false},"excerpt":{"rendered":"<p>Ayd\u0131n\u2019\u0131n Efeler il\u00e7esinde uzun s\u00fcredir yaln\u0131z ya\u015fayan ve kimsesi olmad\u0131\u011f\u0131 i\u00e7in ihtiya\u00e7lar\u0131n\u0131 gideremeyecek durumda olan 85 ya\u015f\u0131ndaki Durmu\u015f Acar, Vali Yakup Canbolat\u2019\u0131n talimat\u0131yla evinden al\u0131narak S\u00f6ke Huzurevi\u2019ne yerle\u015ftirildi. Efeler il\u00e7esi \u0130mamk\u00f6y Mahallesi\u2019nde uzun s\u00fcredir yaln\u0131z ya\u015fayan 85 ya\u015f\u0131ndaki Durmu\u015f Acar\u2019a Ayd\u0131n Valili\u011fi el uzatt\u0131. Annesini k\u00fc\u00e7\u00fck ya\u015fta kaybeden ve kimsesi olmad\u0131\u011f\u0131 i\u00e7in y\u0131llard\u0131r yaln\u0131z ya\u015fayan&#8230;<\/p>\n","protected":false},"author":1,"featured_media":54784,"comment_status":"open","ping_status":"open","sticky":false,"template":"","format":"standard","meta":{"_crdt_document":"","footnotes":""},"categories":[123],"tags":[],"class_list":["post-54783","post","type-post","status-publish","format-standard","has-post-thumbnail","hentry","category-gundem"],"_links":{"self":[{"href":"https:\/\/www.egemtv.com\/index.php?rest_route=\/wp\/v2\/posts\/54783","targetHints":{"allow":["GET"]}}],"collection":[{"href":"https:\/\/www.egemtv.com\/index.php?rest_route=\/wp\/v2\/posts"}],"about":[{"href":"https:\/\/www.egemtv.com\/index.php?rest_route=\/wp\/v2\/types\/post"}],"author":[{"embeddable":true,"href":"https:\/\/www.egemtv.com\/index.php?rest_route=\/wp\/v2\/users\/1"}],"replies":[{"embeddable":true,"href":"https:\/\/www.egemtv.com\/index.php?rest_route=%2Fwp%2Fv2%2Fcomments&post=54783"}],"version-history":[{"count":1,"href":"https:\/\/www.egemtv.com\/index.php?rest_route=\/wp\/v2\/posts\/54783\/revisions"}],"predecessor-version":[{"id":54785,"href":"https:\/\/www.egemtv.com\/index.php?rest_route=\/wp\/v2\/posts\/54783\/revisions\/54785"}],"wp:featuredmedia":[{"embeddable":true,"href":"https:\/\/www.egemtv.com\/index.php?rest_route=\/wp\/v2\/media\/54784"}],"wp:attachment":[{"href":"https:\/\/www.egemtv.com\/index.php?rest_route=%2Fwp%2Fv2%2Fmedia&parent=54783"}],"wp:term":[{"taxonomy":"category","embeddable":true,"href":"https:\/\/www.egemtv.com\/index.php?rest_route=%2Fwp%2Fv2%2Fcategories&post=54783"},{"taxonomy":"post_tag","embeddable":true,"href":"https:\/\/www.egemtv.com\/index.php?rest_route=%2Fwp%2Fv2%2Ftags&post=54783"}],"curies":[{"name":"wp","href":"https:\/\/api.w.org\/{rel}","templated":true}]}}