{"id":54780,"date":"2025-09-14T11:35:02","date_gmt":"2025-09-14T08:35:02","guid":{"rendered":"https:\/\/www.egemtv.com\/?p=54780"},"modified":"2025-09-14T11:35:03","modified_gmt":"2025-09-14T08:35:03","slug":"karsiyaka-sezona-2de-2-ile-basladi","status":"publish","type":"post","link":"https:\/\/www.egemtv.com\/?p=54780","title":{"rendered":"Kar\u015f\u0131yaka sezona 2\u2019de 2 ile ba\u015flad\u0131"},"content":{"rendered":"<p>Kar\u015f\u0131yaka, TFF 3. Lig 4. Grup\u2019ta ilk 2 ma\u00e7\u0131nda 2 galibiyet elde ederek sezona g\u00fczel ba\u015flang\u0131\u00e7 yapt\u0131.<br \/>\n<br \/>Kar\u015f\u0131yaka, TFF 3. Lig 4. Grup 2. haftas\u0131nda K\u00fctahyaspor\u2019la deplasmanda kar\u015f\u0131 kar\u015f\u0131ya geldi. \u0130zmir ekibi, rakibini Alpay ve Onur\u2019un golleriyle 2-1 ma\u011flup etmeyi ba\u015fard\u0131. Bu sonu\u00e7la birlikte ye\u015fil-k\u0131rm\u0131z\u0131l\u0131lar, ligin ilk 2 haftas\u0131nda 6 puan elde etti. \u015eu ana kadar rakip fileleri 4 kez havaland\u0131rmay\u0131 ba\u015faran Kar\u015f\u0131yaka, kalesinde ise toplam 2 gol g\u00f6rd\u00fc.<\/p>\n<p>Onur \u0130nan bo\u015f ge\u00e7miyor<br \/>\n<br \/>Kar\u015f\u0131yaka\u2019n\u0131n Ba\u015fak\u015fehir\u2019den kadrosuna katt\u0131\u011f\u0131 gen\u00e7 futbolcu Onur \u0130nan, sezona etkileyici bir ba\u015flang\u0131\u00e7 yapt\u0131. 2005 do\u011fumlu futbolcu, ilk iki haftada att\u0131\u011f\u0131 gollerle tak\u0131m\u0131na \u00f6nemli bir skor katk\u0131s\u0131 sa\u011flad\u0131. Ge\u00e7ti\u011fimiz hafta Afyonspor kar\u015f\u0131s\u0131nda a\u00e7\u0131l\u0131\u015f gol\u00fcn\u00fc kaydeden Onur, bu hafta da K\u00fctahyaspor ma\u00e7\u0131nda galibiyeti getiren gol\u00fc att\u0131. B\u00f6ylece Kar\u015f\u0131yaka\u2019n\u0131n bu sezon att\u0131\u011f\u0131 4 gol\u00fcn 2\u2019sine imza atan \u0130nan, h\u00fccumda \u00f6ne \u00e7\u0131kan isimlerden biri oldu.<\/p>\n<p>Hedef 3\u2019te 3 yapmak<br \/>\n<br \/>TFF 3. Lig 4. Grup\u2019ta zirve m\u00fccadelesi veren Kar\u015f\u0131yaka, gelecek hafta Bal\u0131kesirspor\u2019u konuk edecek. Teknik Direkt\u00f6r Burhanettin Basatem\u00fcr y\u00f6netimindeki ye\u015fil-k\u0131rm\u0131z\u0131l\u0131 ekip, bu kar\u015f\u0131la\u015fmay\u0131 da kazanarak ligde 3\u2019te 3 yapmay\u0131 hedefliyor. Ge\u00e7ti\u011fimiz hafta Afyonspor ma\u00e7\u0131n\u0131, ge\u00e7en sezondan kalan ceza nedeniyle taraftar deste\u011finden yoksun oynayan Kar\u015f\u0131yaka, bu kez taraftar\u0131yla bulu\u015facak. \u0130zmir temsilcisi, 3 puan\u0131 ye\u015fil-k\u0131rm\u0131z\u0131l\u0131 taraftarlara arma\u011fan etmek istiyor.<br \/><\/p>\n","protected":false},"excerpt":{"rendered":"<p>Kar\u015f\u0131yaka, TFF 3. Lig 4. Grup\u2019ta ilk 2 ma\u00e7\u0131nda 2 galibiyet elde ederek sezona g\u00fczel ba\u015flang\u0131\u00e7 yapt\u0131. Kar\u015f\u0131yaka, TFF 3. Lig 4. Grup 2. haftas\u0131nda K\u00fctahyaspor\u2019la deplasmanda kar\u015f\u0131 kar\u015f\u0131ya geldi. \u0130zmir ekibi, rakibini Alpay ve Onur\u2019un golleriyle 2-1 ma\u011flup etmeyi ba\u015fard\u0131. Bu sonu\u00e7la birlikte ye\u015fil-k\u0131rm\u0131z\u0131l\u0131lar, ligin ilk 2 haftas\u0131nda 6 puan elde etti. \u015eu ana&#8230;<\/p>\n","protected":false},"author":1,"featured_media":54781,"comment_status":"open","ping_status":"open","sticky":false,"template":"","format":"standard","meta":{"_crdt_document":"","footnotes":""},"categories":[4],"tags":[],"class_list":["post-54780","post","type-post","status-publish","format-standard","has-post-thumbnail","hentry","category-spor"],"_links":{"self":[{"href":"https:\/\/www.egemtv.com\/index.php?rest_route=\/wp\/v2\/posts\/54780","targetHints":{"allow":["GET"]}}],"collection":[{"href":"https:\/\/www.egemtv.com\/index.php?rest_route=\/wp\/v2\/posts"}],"about":[{"href":"https:\/\/www.egemtv.com\/index.php?rest_route=\/wp\/v2\/types\/post"}],"author":[{"embeddable":true,"href":"https:\/\/www.egemtv.com\/index.php?rest_route=\/wp\/v2\/users\/1"}],"replies":[{"embeddable":true,"href":"https:\/\/www.egemtv.com\/index.php?rest_route=%2Fwp%2Fv2%2Fcomments&post=54780"}],"version-history":[{"count":1,"href":"https:\/\/www.egemtv.com\/index.php?rest_route=\/wp\/v2\/posts\/54780\/revisions"}],"predecessor-version":[{"id":54782,"href":"https:\/\/www.egemtv.com\/index.php?rest_route=\/wp\/v2\/posts\/54780\/revisions\/54782"}],"wp:featuredmedia":[{"embeddable":true,"href":"https:\/\/www.egemtv.com\/index.php?rest_route=\/wp\/v2\/media\/54781"}],"wp:attachment":[{"href":"https:\/\/www.egemtv.com\/index.php?rest_route=%2Fwp%2Fv2%2Fmedia&parent=54780"}],"wp:term":[{"taxonomy":"category","embeddable":true,"href":"https:\/\/www.egemtv.com\/index.php?rest_route=%2Fwp%2Fv2%2Fcategories&post=54780"},{"taxonomy":"post_tag","embeddable":true,"href":"https:\/\/www.egemtv.com\/index.php?rest_route=%2Fwp%2Fv2%2Ftags&post=54780"}],"curies":[{"name":"wp","href":"https:\/\/api.w.org\/{rel}","templated":true}]}}