{"id":54777,"date":"2025-09-14T11:14:42","date_gmt":"2025-09-14T08:14:42","guid":{"rendered":"https:\/\/www.egemtv.com\/?p=54777"},"modified":"2025-09-14T11:14:43","modified_gmt":"2025-09-14T08:14:43","slug":"hekimligiyle-sifa-sanatiyla-iz-birakti","status":"publish","type":"post","link":"https:\/\/www.egemtv.com\/?p=54777","title":{"rendered":"Hekimli\u011fiyle \u015fifa, sanat\u0131yla iz b\u0131rakt\u0131"},"content":{"rendered":"<p>Sar\u0131g\u00f6l\u2019de 28 y\u0131l boyunca ba\u015fhekimlik yapt\u0131ktan sonra emekli olan Opr. Dr. Cengiz Ba\u015fkaya, hekimli\u011finin yan\u0131 s\u0131ra sanat\u0131yla da il\u00e7ede iz b\u0131rakarak karakalem eserlerini SADER\u2019e ba\u011f\u0131\u015flad\u0131.<br \/>\n<br \/>Manisa\u2019n\u0131n Sar\u0131g\u00f6l il\u00e7esinde 1982 y\u0131l\u0131nda Sar\u0131g\u00f6l Devlet Hastanesinde g\u00f6reve ba\u015flayan ve 28 y\u0131l boyunca kesintisiz ba\u015fhekimlik yapan Opr. Dr. Cengiz Ba\u015fkaya, g\u00f6rev yapt\u0131\u011f\u0131 d\u00f6nemde bo\u015f zamanlar\u0131nda haz\u0131rlad\u0131\u011f\u0131 karakalem \u00e7al\u0131\u015fmalar\u0131n\u0131 &#8220;Sar\u0131g\u00f6l\u2019den Manzaralar&#8221; ad\u0131yla 17. Sar\u0131g\u00f6l Sultaniye \u00dcz\u00fcm Festivali\u2019nde sergiledi. Ba\u015fkaya, eserlerini Sar\u0131g\u00f6l K\u00fclt\u00fcr ve Tabiat Varl\u0131klar\u0131n\u0131 Koruma Derne\u011fi\u2019ne (SADER) ba\u011f\u0131\u015flad\u0131.<br \/>\n<br \/>Ba\u015far\u0131l\u0131 hekimli\u011finin yan\u0131 s\u0131ra resim ve m\u00fczik alan\u0131ndaki \u00e7al\u0131\u015fmalar\u0131yla da tan\u0131nan Opr. Dr. Cengiz Ba\u015fkaya, Sar\u0131g\u00f6l\u2019de g\u00f6rev yapt\u0131\u011f\u0131 y\u0131llarda koro \u00e7al\u0131\u015fmalar\u0131nda kanun icra etmesiyle de il\u00e7ede iz b\u0131rakt\u0131.<br \/>\n<br \/>Sar\u0131g\u00f6l\u2019de bir\u00e7ok hastay\u0131 ameliyat ederek sa\u011fl\u0131\u011f\u0131na kavu\u015fturan Ba\u015fkaya, festival kapsam\u0131nda dostlar\u0131yla bir araya geldi. Karakalem \u00e7al\u0131\u015fmalar\u0131n\u0131 SADER yetkililerine teslim eden Ba\u015fkaya, &#8220;Sar\u0131g\u00f6l il\u00e7esinin benim g\u00f6nl\u00fcmde ayr\u0131 bir yeri vard\u0131r. Burada yapt\u0131\u011f\u0131m karakalem \u00e7al\u0131\u015fmalar\u0131yla \u2018\u0130nsan Manzaralar\u0131\u2019n\u0131 ortaya koydum. T\u00fcm eserlerimi ba\u011f\u0131\u015flamaktan b\u00fcy\u00fck mutluluk duydum.&#8221; dedi.<br \/>\n<br \/>Doktorlar\u0131n\u0131n il\u00e7eye geldi\u011fini duyan \u00e7ok say\u0131da vatanda\u015f Sar\u0131g\u00f6l Etnografya M\u00fczesi\u2019ne ak\u0131n ederek hem Ba\u015fkaya ile hasret giderdi hem de sergilenen eserleri ilgiyle inceledi.<br \/><\/p>\n","protected":false},"excerpt":{"rendered":"<p>Sar\u0131g\u00f6l\u2019de 28 y\u0131l boyunca ba\u015fhekimlik yapt\u0131ktan sonra emekli olan Opr. Dr. Cengiz Ba\u015fkaya, hekimli\u011finin yan\u0131 s\u0131ra sanat\u0131yla da il\u00e7ede iz b\u0131rakarak karakalem eserlerini SADER\u2019e ba\u011f\u0131\u015flad\u0131. Manisa\u2019n\u0131n Sar\u0131g\u00f6l il\u00e7esinde 1982 y\u0131l\u0131nda Sar\u0131g\u00f6l Devlet Hastanesinde g\u00f6reve ba\u015flayan ve 28 y\u0131l boyunca kesintisiz ba\u015fhekimlik yapan Opr. Dr. Cengiz Ba\u015fkaya, g\u00f6rev yapt\u0131\u011f\u0131 d\u00f6nemde bo\u015f zamanlar\u0131nda haz\u0131rlad\u0131\u011f\u0131 karakalem \u00e7al\u0131\u015fmalar\u0131n\u0131 &#8220;Sar\u0131g\u00f6l\u2019den&#8230;<\/p>\n","protected":false},"author":1,"featured_media":54778,"comment_status":"open","ping_status":"open","sticky":false,"template":"","format":"standard","meta":{"_crdt_document":"","footnotes":""},"categories":[123],"tags":[],"class_list":["post-54777","post","type-post","status-publish","format-standard","has-post-thumbnail","hentry","category-gundem"],"_links":{"self":[{"href":"https:\/\/www.egemtv.com\/index.php?rest_route=\/wp\/v2\/posts\/54777","targetHints":{"allow":["GET"]}}],"collection":[{"href":"https:\/\/www.egemtv.com\/index.php?rest_route=\/wp\/v2\/posts"}],"about":[{"href":"https:\/\/www.egemtv.com\/index.php?rest_route=\/wp\/v2\/types\/post"}],"author":[{"embeddable":true,"href":"https:\/\/www.egemtv.com\/index.php?rest_route=\/wp\/v2\/users\/1"}],"replies":[{"embeddable":true,"href":"https:\/\/www.egemtv.com\/index.php?rest_route=%2Fwp%2Fv2%2Fcomments&post=54777"}],"version-history":[{"count":1,"href":"https:\/\/www.egemtv.com\/index.php?rest_route=\/wp\/v2\/posts\/54777\/revisions"}],"predecessor-version":[{"id":54779,"href":"https:\/\/www.egemtv.com\/index.php?rest_route=\/wp\/v2\/posts\/54777\/revisions\/54779"}],"wp:featuredmedia":[{"embeddable":true,"href":"https:\/\/www.egemtv.com\/index.php?rest_route=\/wp\/v2\/media\/54778"}],"wp:attachment":[{"href":"https:\/\/www.egemtv.com\/index.php?rest_route=%2Fwp%2Fv2%2Fmedia&parent=54777"}],"wp:term":[{"taxonomy":"category","embeddable":true,"href":"https:\/\/www.egemtv.com\/index.php?rest_route=%2Fwp%2Fv2%2Fcategories&post=54777"},{"taxonomy":"post_tag","embeddable":true,"href":"https:\/\/www.egemtv.com\/index.php?rest_route=%2Fwp%2Fv2%2Ftags&post=54777"}],"curies":[{"name":"wp","href":"https:\/\/api.w.org\/{rel}","templated":true}]}}