{"id":54771,"date":"2025-09-14T10:55:46","date_gmt":"2025-09-14T07:55:46","guid":{"rendered":"https:\/\/www.egemtv.com\/?p=54771"},"modified":"2025-09-14T10:55:46","modified_gmt":"2025-09-14T07:55:46","slug":"kizilaydan-sehit-polisler-adina-anlamli-program","status":"publish","type":"post","link":"https:\/\/www.egemtv.com\/?p=54771","title":{"rendered":"K\u0131z\u0131lay\u2019dan \u015fehit polisler ad\u0131na anlaml\u0131 program"},"content":{"rendered":"<p>\u0130zmir\u2019in Bal\u00e7ova il\u00e7esinde bulunan Salih \u0130\u015fg\u00f6ren Polis Merkezi Amirli\u011fi\u2019ne d\u00fczenlenen silahl\u0131 sald\u0131r\u0131da, 1. S\u0131n\u0131f Emniyet M\u00fcd\u00fcr\u00fc Muhsin Aydemir ve Polis Memuru Hasan Ak\u0131n \u015fehit oldu. T\u00fcrkiye\u2019yi yasa bo\u011fan sald\u0131r\u0131n\u0131n ard\u0131ndan \u015fehitler ad\u0131na anma ve dayan\u0131\u015fma etkinli\u011fi d\u00fczenledi.<br \/>\n<br \/>Sald\u0131r\u0131n\u0131n ard\u0131ndan hem \u0130zmir emniyeti hem de vatanda\u015flar, \u015fehit polislerin an\u0131s\u0131n\u0131 ya\u015fatmak ad\u0131na \u00e7e\u015fitli etkinlikler ger\u00e7ekle\u015ftirdi. Bu kapsamda T\u00fcrk K\u0131z\u0131lay Karaba\u011flar \u015eubesi, \u015fehit polisler ad\u0131na anlaml\u0131 bir ikram etkinli\u011fi d\u00fczenledi. K\u0131z\u0131lay Karaba\u011flar \u015eubesi, Karaba\u011flar M\u00fcft\u00fcl\u00fc\u011f\u00fc Durmu\u015f Akku\u015f Ye\u015filtepe Merkez Camii \u00f6n\u00fcnde Cuma namaz\u0131 sonras\u0131 halka tavuklu pilav ve ayran da\u011f\u0131tt\u0131. Da\u011f\u0131t\u0131mda hem \u015fehitler an\u0131ld\u0131 hem de birlik ve dayan\u0131\u015fma mesajlar\u0131 verildi. Vatanda\u015flar, K\u0131z\u0131lay g\u00f6n\u00fcll\u00fclerine te\u015fekk\u00fcr ederek, &#8220;\u015eehitlerimizi unutmad\u0131\u011f\u0131n\u0131z i\u00e7in minnettar\u0131z&#8221; ifadelerini kulland\u0131.<\/p>\n<p>T\u00fcrk K\u0131z\u0131lay Karaba\u011flar \u015eube Ba\u015fkan\u0131 Fahretdin Y\u00f6rek ise yapt\u0131\u011f\u0131 a\u00e7\u0131klamada, &#8220;Aziz \u015fehitlerimizin hat\u0131ras\u0131n\u0131 ya\u015fatmak ve halk\u0131m\u0131zla bu ac\u0131y\u0131 payla\u015fmak i\u00e7in bug\u00fcn buraday\u0131z. Ruhlar\u0131 \u015fad olsun,&#8221; dedi.<br \/>\n<br \/>Programa; \u0130zmir Vali Yard\u0131mc\u0131s\u0131 Mehmet Sad\u0131k Tun\u00e7, Karaba\u011flar Kaymakam\u0131 Mehmet \u00d6zer, T\u00fcrk K\u0131z\u0131lay \u0130zmir \u0130l Ba\u015fkan\u0131 Kerem Baykalm\u0131\u015f, \u0130l\u00e7e K\u0131z\u0131lay \u015eube Ba\u015fkanlar\u0131, \u0130l\u00e7e Emniyet ve Jandarma personelleri ile \u00e7ok say\u0131da vatanda\u015f kat\u0131ld\u0131.<br \/>\n<br \/>Etkinlikte \u015fehitler i\u00e7in dualar okunurken ikramlar da\u011f\u0131t\u0131larak, birlik ve beraberlik mesajlar\u0131 verildi.<br \/><\/p>\n","protected":false},"excerpt":{"rendered":"<p>\u0130zmir\u2019in Bal\u00e7ova il\u00e7esinde bulunan Salih \u0130\u015fg\u00f6ren Polis Merkezi Amirli\u011fi\u2019ne d\u00fczenlenen silahl\u0131 sald\u0131r\u0131da, 1. S\u0131n\u0131f Emniyet M\u00fcd\u00fcr\u00fc Muhsin Aydemir ve Polis Memuru Hasan Ak\u0131n \u015fehit oldu. T\u00fcrkiye\u2019yi yasa bo\u011fan sald\u0131r\u0131n\u0131n ard\u0131ndan \u015fehitler ad\u0131na anma ve dayan\u0131\u015fma etkinli\u011fi d\u00fczenledi. Sald\u0131r\u0131n\u0131n ard\u0131ndan hem \u0130zmir emniyeti hem de vatanda\u015flar, \u015fehit polislerin an\u0131s\u0131n\u0131 ya\u015fatmak ad\u0131na \u00e7e\u015fitli etkinlikler ger\u00e7ekle\u015ftirdi. Bu kapsamda&#8230;<\/p>\n","protected":false},"author":1,"featured_media":54772,"comment_status":"open","ping_status":"open","sticky":false,"template":"","format":"standard","meta":{"_crdt_document":"","footnotes":""},"categories":[1],"tags":[],"class_list":["post-54771","post","type-post","status-publish","format-standard","has-post-thumbnail","hentry","category-guncel"],"_links":{"self":[{"href":"https:\/\/www.egemtv.com\/index.php?rest_route=\/wp\/v2\/posts\/54771","targetHints":{"allow":["GET"]}}],"collection":[{"href":"https:\/\/www.egemtv.com\/index.php?rest_route=\/wp\/v2\/posts"}],"about":[{"href":"https:\/\/www.egemtv.com\/index.php?rest_route=\/wp\/v2\/types\/post"}],"author":[{"embeddable":true,"href":"https:\/\/www.egemtv.com\/index.php?rest_route=\/wp\/v2\/users\/1"}],"replies":[{"embeddable":true,"href":"https:\/\/www.egemtv.com\/index.php?rest_route=%2Fwp%2Fv2%2Fcomments&post=54771"}],"version-history":[{"count":1,"href":"https:\/\/www.egemtv.com\/index.php?rest_route=\/wp\/v2\/posts\/54771\/revisions"}],"predecessor-version":[{"id":54773,"href":"https:\/\/www.egemtv.com\/index.php?rest_route=\/wp\/v2\/posts\/54771\/revisions\/54773"}],"wp:featuredmedia":[{"embeddable":true,"href":"https:\/\/www.egemtv.com\/index.php?rest_route=\/wp\/v2\/media\/54772"}],"wp:attachment":[{"href":"https:\/\/www.egemtv.com\/index.php?rest_route=%2Fwp%2Fv2%2Fmedia&parent=54771"}],"wp:term":[{"taxonomy":"category","embeddable":true,"href":"https:\/\/www.egemtv.com\/index.php?rest_route=%2Fwp%2Fv2%2Fcategories&post=54771"},{"taxonomy":"post_tag","embeddable":true,"href":"https:\/\/www.egemtv.com\/index.php?rest_route=%2Fwp%2Fv2%2Ftags&post=54771"}],"curies":[{"name":"wp","href":"https:\/\/api.w.org\/{rel}","templated":true}]}}