{"id":54765,"date":"2025-09-14T10:34:37","date_gmt":"2025-09-14T07:34:37","guid":{"rendered":"https:\/\/www.egemtv.com\/?p=54765"},"modified":"2025-09-14T10:34:38","modified_gmt":"2025-09-14T07:34:38","slug":"gencler-milli-parkta-sanatla-bulustu","status":"publish","type":"post","link":"https:\/\/www.egemtv.com\/?p=54765","title":{"rendered":"Gen\u00e7ler Milli Park\u2019ta sanatla bulu\u015ftu"},"content":{"rendered":"<p>Ayd\u0131n Gen\u00e7lik Merkezi taraf\u0131ndan Dilek Yar\u0131madas\u0131 Milli Park\u0131\u2019nda d\u00fczenlenen resim etkinli\u011finde gen\u00e7ler, tuval ve f\u0131r\u00e7alar\u0131yla do\u011fan\u0131n g\u00fczelliklerini sanata d\u00f6n\u00fc\u015ft\u00fcrerek Milli Park\u2019ta unutulmaz bir g\u00fcn ya\u015fad\u0131.<br \/>\n<br \/>Ayd\u0131n Gen\u00e7lik Merkezi G\u00fczel Sanatlar At\u00f6lyesi, yeni d\u00f6nem \u00f6ncesinde gen\u00e7ler ve e\u011fitmenlerle birlikte Dilek Yar\u0131madas\u0131 &#8211; B\u00fcy\u00fck Menderes Deltas\u0131 Milli Park\u0131\u2019nda keyifli bir etkinlik ger\u00e7ekle\u015ftirdi. Do\u011fan\u0131n ilham verici atmosferinde bir araya gelen gen\u00e7ler, tuvalleriyle do\u011fay\u0131 resmetti. G\u00fcn boyu s\u00fcren etkinlikte hem sanatla i\u00e7 i\u00e7e vakit ge\u00e7irildi hem de g\u00fczel havan\u0131n tad\u0131 \u00e7\u0131kar\u0131ld\u0131. Ayd\u0131n Gen\u00e7lik Merkezi, bu t\u00fcr etkinliklerin gen\u00e7lerin sosyal ve sanatsal geli\u015fimine katk\u0131 sundu\u011funu belirterek, \u00f6n\u00fcm\u00fczdeki d\u00f6nemde de benzer faaliyetlere devam edeceklerini ifade etti. Yap\u0131lan a\u00e7\u0131klamada &#8220;Ayd\u0131n Gen\u00e7lik Merkezi G\u00fczel Sanatlar At\u00f6lyesi olarak, yeni d\u00f6nem \u00f6ncesinde gen\u00e7lerimiz ve e\u011fitmenlerimizle birlikte Dilek Yar\u0131madas\u0131 &#8211; B\u00fcy\u00fck Menderes Deltas\u0131 Milli Park\u0131nda g\u00fczel havan\u0131n tad\u0131n\u0131 \u00e7\u0131kard\u0131k. Do\u011fan\u0131n ilham verici atmosferinde resimler yapt\u0131k&#8221; ifadeleri yer ald\u0131.<br \/><\/p>\n","protected":false},"excerpt":{"rendered":"<p>Ayd\u0131n Gen\u00e7lik Merkezi taraf\u0131ndan Dilek Yar\u0131madas\u0131 Milli Park\u0131\u2019nda d\u00fczenlenen resim etkinli\u011finde gen\u00e7ler, tuval ve f\u0131r\u00e7alar\u0131yla do\u011fan\u0131n g\u00fczelliklerini sanata d\u00f6n\u00fc\u015ft\u00fcrerek Milli Park\u2019ta unutulmaz bir g\u00fcn ya\u015fad\u0131. Ayd\u0131n Gen\u00e7lik Merkezi G\u00fczel Sanatlar At\u00f6lyesi, yeni d\u00f6nem \u00f6ncesinde gen\u00e7ler ve e\u011fitmenlerle birlikte Dilek Yar\u0131madas\u0131 &#8211; B\u00fcy\u00fck Menderes Deltas\u0131 Milli Park\u0131\u2019nda keyifli bir etkinlik ger\u00e7ekle\u015ftirdi. Do\u011fan\u0131n ilham verici atmosferinde bir&#8230;<\/p>\n","protected":false},"author":1,"featured_media":54766,"comment_status":"open","ping_status":"open","sticky":false,"template":"","format":"standard","meta":{"_crdt_document":"","footnotes":""},"categories":[1],"tags":[],"class_list":["post-54765","post","type-post","status-publish","format-standard","has-post-thumbnail","hentry","category-guncel"],"_links":{"self":[{"href":"https:\/\/www.egemtv.com\/index.php?rest_route=\/wp\/v2\/posts\/54765","targetHints":{"allow":["GET"]}}],"collection":[{"href":"https:\/\/www.egemtv.com\/index.php?rest_route=\/wp\/v2\/posts"}],"about":[{"href":"https:\/\/www.egemtv.com\/index.php?rest_route=\/wp\/v2\/types\/post"}],"author":[{"embeddable":true,"href":"https:\/\/www.egemtv.com\/index.php?rest_route=\/wp\/v2\/users\/1"}],"replies":[{"embeddable":true,"href":"https:\/\/www.egemtv.com\/index.php?rest_route=%2Fwp%2Fv2%2Fcomments&post=54765"}],"version-history":[{"count":1,"href":"https:\/\/www.egemtv.com\/index.php?rest_route=\/wp\/v2\/posts\/54765\/revisions"}],"predecessor-version":[{"id":54767,"href":"https:\/\/www.egemtv.com\/index.php?rest_route=\/wp\/v2\/posts\/54765\/revisions\/54767"}],"wp:featuredmedia":[{"embeddable":true,"href":"https:\/\/www.egemtv.com\/index.php?rest_route=\/wp\/v2\/media\/54766"}],"wp:attachment":[{"href":"https:\/\/www.egemtv.com\/index.php?rest_route=%2Fwp%2Fv2%2Fmedia&parent=54765"}],"wp:term":[{"taxonomy":"category","embeddable":true,"href":"https:\/\/www.egemtv.com\/index.php?rest_route=%2Fwp%2Fv2%2Fcategories&post=54765"},{"taxonomy":"post_tag","embeddable":true,"href":"https:\/\/www.egemtv.com\/index.php?rest_route=%2Fwp%2Fv2%2Ftags&post=54765"}],"curies":[{"name":"wp","href":"https:\/\/api.w.org\/{rel}","templated":true}]}}