{"id":54741,"date":"2025-09-14T01:14:29","date_gmt":"2025-09-13T22:14:29","guid":{"rendered":"https:\/\/www.egemtv.com\/?p=54741"},"modified":"2025-09-14T01:14:30","modified_gmt":"2025-09-13T22:14:30","slug":"burdurda-feci-kaza-1-olu-4-yarali","status":"publish","type":"post","link":"https:\/\/www.egemtv.com\/?p=54741","title":{"rendered":"Burdur\u2019da feci kaza: 1 \u00f6l\u00fc 4 yaral\u0131"},"content":{"rendered":"<p>Burdur\u2019da 3 arac\u0131n kar\u0131\u015ft\u0131\u011f\u0131 trafik kazas\u0131nda 1 ki\u015fi hayat\u0131n\u0131 kaybederken 4 ki\u015fi yaraland\u0131. Kaza an\u0131 ise \u00e7evrede bulunan bir i\u015f yerinin g\u00fcvenlik kameras\u0131na saniye saniye yans\u0131d\u0131.<br \/>\n<br \/>Kaza, saat 22.00 s\u0131ralar\u0131nda Bur\u00e7 Mahallesi Nam\u0131k Kemal Caddesi \u00fczerinde bulunan kav\u015fakta meydana geldi. Edinilen bilgiye g\u00f6re, K.H.U. (60) idaresindeki 15 FD 929 plakal\u0131 Tofa\u015f marka ile M.T.K\u2019nin (22) kulland\u0131\u011f\u0131 15 ADT 834 hafif ticari ara\u00e7 kav\u015fakta \u00e7arp\u0131\u015ft\u0131. \u00c7arp\u0131\u015fman\u0131n etkisiyle savrulan her iki ara\u00e7ta \u0131\u015f\u0131kta bekleyen R.B. (29) idaresindeki 15 ADU 842 araca \u00e7arpt\u0131. Kazada, ara\u00e7 s\u00fcr\u00fcc\u00fcleri K.H.U. ve M.T.K ile ara\u00e7larda yolcu olan Hatice Uslu (94), A.\u0130.A. (59) ve G.U. (17) yaraland\u0131. Kaza ihbar\u0131 \u00fczerine olay yerine \u00e7ok say\u0131da itfaiye, sa\u011fl\u0131k ve polis ekibi sevk edildi. Yaral\u0131lar sa\u011fl\u0131k ekipleri taraf\u0131ndan yap\u0131lan ilk m\u00fcdahalenin ard\u0131ndan ambulanslarla Burdur Devlet Hastanesine g\u00f6t\u00fcr\u00fcld\u00fc. Burada durumu a\u011f\u0131r olan Hatice Uslu doktorlar\u0131n t\u00fcm m\u00fcdahalesine ra\u011fmen kurtar\u0131lmayarak hayat\u0131n\u0131 kaybetti.<br \/>\n<br \/>Kaza an\u0131 ise \u00e7evrede bulunan bir i\u015fyerinin g\u00fcvenlik kameras\u0131na saniye saniye yans\u0131d\u0131. G\u00f6r\u00fcnt\u00fclerde; ara\u00e7lar\u0131n \u00e7arp\u0131\u015fmas\u0131 ve \u00e7evrede ya\u015fanan panik yer al\u0131yor.<br \/>\n<br \/>Kazayla ilgili tahkikat ba\u015flat\u0131ld\u0131.<br \/><\/p>\n","protected":false},"excerpt":{"rendered":"<p>Burdur\u2019da 3 arac\u0131n kar\u0131\u015ft\u0131\u011f\u0131 trafik kazas\u0131nda 1 ki\u015fi hayat\u0131n\u0131 kaybederken 4 ki\u015fi yaraland\u0131. Kaza an\u0131 ise \u00e7evrede bulunan bir i\u015f yerinin g\u00fcvenlik kameras\u0131na saniye saniye yans\u0131d\u0131. Kaza, saat 22.00 s\u0131ralar\u0131nda Bur\u00e7 Mahallesi Nam\u0131k Kemal Caddesi \u00fczerinde bulunan kav\u015fakta meydana geldi. Edinilen bilgiye g\u00f6re, K.H.U. (60) idaresindeki 15 FD 929 plakal\u0131 Tofa\u015f marka ile M.T.K\u2019nin (22)&#8230;<\/p>\n","protected":false},"author":1,"featured_media":54742,"comment_status":"open","ping_status":"open","sticky":false,"template":"","format":"standard","meta":{"_crdt_document":"","footnotes":""},"categories":[5],"tags":[],"class_list":["post-54741","post","type-post","status-publish","format-standard","has-post-thumbnail","hentry","category-asayis"],"_links":{"self":[{"href":"https:\/\/www.egemtv.com\/index.php?rest_route=\/wp\/v2\/posts\/54741","targetHints":{"allow":["GET"]}}],"collection":[{"href":"https:\/\/www.egemtv.com\/index.php?rest_route=\/wp\/v2\/posts"}],"about":[{"href":"https:\/\/www.egemtv.com\/index.php?rest_route=\/wp\/v2\/types\/post"}],"author":[{"embeddable":true,"href":"https:\/\/www.egemtv.com\/index.php?rest_route=\/wp\/v2\/users\/1"}],"replies":[{"embeddable":true,"href":"https:\/\/www.egemtv.com\/index.php?rest_route=%2Fwp%2Fv2%2Fcomments&post=54741"}],"version-history":[{"count":1,"href":"https:\/\/www.egemtv.com\/index.php?rest_route=\/wp\/v2\/posts\/54741\/revisions"}],"predecessor-version":[{"id":54743,"href":"https:\/\/www.egemtv.com\/index.php?rest_route=\/wp\/v2\/posts\/54741\/revisions\/54743"}],"wp:featuredmedia":[{"embeddable":true,"href":"https:\/\/www.egemtv.com\/index.php?rest_route=\/wp\/v2\/media\/54742"}],"wp:attachment":[{"href":"https:\/\/www.egemtv.com\/index.php?rest_route=%2Fwp%2Fv2%2Fmedia&parent=54741"}],"wp:term":[{"taxonomy":"category","embeddable":true,"href":"https:\/\/www.egemtv.com\/index.php?rest_route=%2Fwp%2Fv2%2Fcategories&post=54741"},{"taxonomy":"post_tag","embeddable":true,"href":"https:\/\/www.egemtv.com\/index.php?rest_route=%2Fwp%2Fv2%2Ftags&post=54741"}],"curies":[{"name":"wp","href":"https:\/\/api.w.org\/{rel}","templated":true}]}}