{"id":5474,"date":"2025-01-09T10:14:49","date_gmt":"2025-01-09T07:14:49","guid":{"rendered":"https:\/\/www.egemtv.com\/?p=5474"},"modified":"2025-01-09T10:14:55","modified_gmt":"2025-01-09T07:14:55","slug":"cesmede-denetimler-sonuc-verdi-trafik-kazalarinda-yuzde-14-azalma","status":"publish","type":"post","link":"https:\/\/www.egemtv.com\/?p=5474","title":{"rendered":"\u00c7e\u015fme\u2019de denetimler sonu\u00e7 verdi: trafik kazalar\u0131nda y\u00fczde 14 azalma"},"content":{"rendered":"<p>\u00c7e\u015fme Trafik Jandarmas\u0131, 2024 y\u0131l\u0131 boyunca ger\u00e7ekle\u015ftirdi\u011fi denetim ve e\u011fitim faaliyetleri ile trafik g\u00fcvenli\u011fini art\u0131rmaya devam ediyor. \u00c7e\u015fitli gruplara y\u00f6nelik e\u011fitim \u00e7al\u0131\u015fmalar\u0131 sonucunda toplam 2 bin 56 ki\u015fiye trafik kurallar\u0131 hakk\u0131nda bilgi verildi.<br \/>\n<br \/>Bu kapsamda, tar\u0131m ara\u00e7lar\u0131 kullanan 54 ki\u015fi, yol kullan\u0131c\u0131lar\u0131ndan 684 ki\u015fi, 836 \u00f6\u011frenci, motosiklet kullanan 482 ki\u015fi trafik kurallar\u0131 konusunda bilgilendirildi. Denetim faaliyetleri de yo\u011fun bir \u015fekilde devam etti. 2024 y\u0131l\u0131nda toplam 118 bin 587 ara\u00e7 ve s\u00fcr\u00fcc\u00fcs\u00fc kontrol edildi. Bu denetim ve e\u011fitimlerin etkisiyle, \u00f6l\u00fcml\u00fc, yaralanmal\u0131 ve maddi hasarl\u0131 trafik kazalar\u0131nda y\u00fczde 14 oran\u0131nda azalma ya\u015fand\u0131\u011f\u0131 belirtildi.<br \/>\n<br \/>Yetkililer, vatanda\u015flar\u0131 trafik kurallar\u0131na uymaya ve trafikte g\u00f6rd\u00fckleri ihlal ve kusurlar\u0131 112 Acil \u00c7a\u011fr\u0131 Merkezi\u2019ne bildirmeye davet etti.<br \/>\n<br \/><img fetchpriority=\"high\" decoding=\"async\" width=\"994\" height=\"609\" src=\"https:\/\/www.egemtv.com\/wp-content\/uploads\/2025\/01\/cesmede-denetimler-sonuc-verdi-trafik-kazalarinda-yuzde-14-azalma_1ed296b04fc9.jpg\" class=\"attachment-full size-full not-transparent\" alt=\"\" data-has-transparency=\"false\" data-dominant-color=\"908b85\" style=\"--dominant-color: #908b85\" \/><img decoding=\"async\" width=\"1280\" height=\"751\" src=\"https:\/\/www.egemtv.com\/wp-content\/uploads\/2025\/01\/cesmede-denetimler-sonuc-verdi-trafik-kazalarinda-yuzde-14-azalma_6e702ddaadaa.jpg\" class=\"attachment-full size-full not-transparent\" alt=\"\" data-has-transparency=\"false\" data-dominant-color=\"6c7a7f\" style=\"--dominant-color: #6c7a7f\" \/><img decoding=\"async\" width=\"1280\" height=\"910\" src=\"https:\/\/www.egemtv.com\/wp-content\/uploads\/2025\/01\/cesmede-denetimler-sonuc-verdi-trafik-kazalarinda-yuzde-14-azalma_bf0aab2d93c7.jpg\" class=\"attachment-full size-full not-transparent\" alt=\"\" data-has-transparency=\"false\" data-dominant-color=\"856f66\" style=\"--dominant-color: #856f66\" \/><\/p>\n","protected":false},"excerpt":{"rendered":"<p>\u00c7e\u015fme Trafik Jandarmas\u0131, 2024 y\u0131l\u0131 boyunca ger\u00e7ekle\u015ftirdi\u011fi denetim ve e\u011fitim faaliyetleri ile trafik g\u00fcvenli\u011fini art\u0131rmaya devam ediyor. \u00c7e\u015fitli gruplara y\u00f6nelik e\u011fitim \u00e7al\u0131\u015fmalar\u0131 sonucunda toplam 2 bin 56 ki\u015fiye trafik kurallar\u0131 hakk\u0131nda bilgi verildi. Bu kapsamda, tar\u0131m ara\u00e7lar\u0131 kullanan 54 ki\u015fi, yol kullan\u0131c\u0131lar\u0131ndan 684 ki\u015fi, 836 \u00f6\u011frenci, motosiklet kullanan 482 ki\u015fi trafik kurallar\u0131 konusunda bilgilendirildi. Denetim&#8230;<\/p>\n","protected":false},"author":1,"featured_media":5475,"comment_status":"open","ping_status":"open","sticky":false,"template":"","format":"standard","meta":{"_crdt_document":"","footnotes":""},"categories":[5],"tags":[],"class_list":["post-5474","post","type-post","status-publish","format-standard","has-post-thumbnail","hentry","category-asayis"],"_links":{"self":[{"href":"https:\/\/www.egemtv.com\/index.php?rest_route=\/wp\/v2\/posts\/5474","targetHints":{"allow":["GET"]}}],"collection":[{"href":"https:\/\/www.egemtv.com\/index.php?rest_route=\/wp\/v2\/posts"}],"about":[{"href":"https:\/\/www.egemtv.com\/index.php?rest_route=\/wp\/v2\/types\/post"}],"author":[{"embeddable":true,"href":"https:\/\/www.egemtv.com\/index.php?rest_route=\/wp\/v2\/users\/1"}],"replies":[{"embeddable":true,"href":"https:\/\/www.egemtv.com\/index.php?rest_route=%2Fwp%2Fv2%2Fcomments&post=5474"}],"version-history":[{"count":1,"href":"https:\/\/www.egemtv.com\/index.php?rest_route=\/wp\/v2\/posts\/5474\/revisions"}],"predecessor-version":[{"id":5479,"href":"https:\/\/www.egemtv.com\/index.php?rest_route=\/wp\/v2\/posts\/5474\/revisions\/5479"}],"wp:featuredmedia":[{"embeddable":true,"href":"https:\/\/www.egemtv.com\/index.php?rest_route=\/wp\/v2\/media\/5475"}],"wp:attachment":[{"href":"https:\/\/www.egemtv.com\/index.php?rest_route=%2Fwp%2Fv2%2Fmedia&parent=5474"}],"wp:term":[{"taxonomy":"category","embeddable":true,"href":"https:\/\/www.egemtv.com\/index.php?rest_route=%2Fwp%2Fv2%2Fcategories&post=5474"},{"taxonomy":"post_tag","embeddable":true,"href":"https:\/\/www.egemtv.com\/index.php?rest_route=%2Fwp%2Fv2%2Ftags&post=5474"}],"curies":[{"name":"wp","href":"https:\/\/api.w.org\/{rel}","templated":true}]}}