{"id":54738,"date":"2025-09-14T00:14:33","date_gmt":"2025-09-13T21:14:33","guid":{"rendered":"https:\/\/www.egemtv.com\/?p=54738"},"modified":"2025-09-14T00:14:34","modified_gmt":"2025-09-13T21:14:34","slug":"milasta-trafik-kazasi-2si-agir-4-yarali","status":"publish","type":"post","link":"https:\/\/www.egemtv.com\/?p=54738","title":{"rendered":"Milas\u2019ta trafik kazas\u0131: 2\u2019si a\u011f\u0131r 4 yaral\u0131"},"content":{"rendered":"<p>Mu\u011fla\u2019n\u0131n Milas il\u00e7esinde meydana gelen trafik kazas\u0131nda 2\u2019si a\u011f\u0131r 4 ki\u015fi yaraland\u0131.<\/p>\n<p>Edinilen bilgiye g\u00f6re, D\u00f6rttepe kav\u015fa\u011f\u0131nda iki otomobil \u00e7arp\u0131\u015ft\u0131. Kaza ihbar\u0131 \u00fczerine b\u00f6lgeye \u00e7ok say\u0131da sa\u011fl\u0131k ve polis ekipleri sevk edildi. Kazada ara\u00e7lar hurdaya d\u00f6nerken ara\u00e7lardaki 4 ki\u015fi yaraland\u0131. Olay yerine gelen sa\u011fl\u0131k ekipleri yaral\u0131lar\u0131 ilk m\u00fcdahalelerinin ard\u0131ndan ambulanslarla hastaneye kald\u0131rd\u0131. Yaral\u0131lardan 2\u2019sinin hayati tehlikesinin bulundu\u011fu \u00f6\u011frenildi.<\/p>\n<p>Kazayla ilgili soru\u015fturma s\u00fcrerken, kaza sonras\u0131 ka\u00e7t\u0131\u011f\u0131 iddia edilen ara\u00e7lardan birinin s\u00fcr\u00fcc\u00fcs\u00fcn\u00fcn ise aranmas\u0131 s\u00fcr\u00fcyor.<br \/><\/p>\n","protected":false},"excerpt":{"rendered":"<p>Mu\u011fla\u2019n\u0131n Milas il\u00e7esinde meydana gelen trafik kazas\u0131nda 2\u2019si a\u011f\u0131r 4 ki\u015fi yaraland\u0131. Edinilen bilgiye g\u00f6re, D\u00f6rttepe kav\u015fa\u011f\u0131nda iki otomobil \u00e7arp\u0131\u015ft\u0131. Kaza ihbar\u0131 \u00fczerine b\u00f6lgeye \u00e7ok say\u0131da sa\u011fl\u0131k ve polis ekipleri sevk edildi. Kazada ara\u00e7lar hurdaya d\u00f6nerken ara\u00e7lardaki 4 ki\u015fi yaraland\u0131. Olay yerine gelen sa\u011fl\u0131k ekipleri yaral\u0131lar\u0131 ilk m\u00fcdahalelerinin ard\u0131ndan ambulanslarla hastaneye kald\u0131rd\u0131. Yaral\u0131lardan 2\u2019sinin hayati&#8230;<\/p>\n","protected":false},"author":1,"featured_media":54739,"comment_status":"open","ping_status":"open","sticky":false,"template":"","format":"standard","meta":{"_crdt_document":"","footnotes":""},"categories":[5],"tags":[],"class_list":["post-54738","post","type-post","status-publish","format-standard","has-post-thumbnail","hentry","category-asayis"],"_links":{"self":[{"href":"https:\/\/www.egemtv.com\/index.php?rest_route=\/wp\/v2\/posts\/54738","targetHints":{"allow":["GET"]}}],"collection":[{"href":"https:\/\/www.egemtv.com\/index.php?rest_route=\/wp\/v2\/posts"}],"about":[{"href":"https:\/\/www.egemtv.com\/index.php?rest_route=\/wp\/v2\/types\/post"}],"author":[{"embeddable":true,"href":"https:\/\/www.egemtv.com\/index.php?rest_route=\/wp\/v2\/users\/1"}],"replies":[{"embeddable":true,"href":"https:\/\/www.egemtv.com\/index.php?rest_route=%2Fwp%2Fv2%2Fcomments&post=54738"}],"version-history":[{"count":1,"href":"https:\/\/www.egemtv.com\/index.php?rest_route=\/wp\/v2\/posts\/54738\/revisions"}],"predecessor-version":[{"id":54740,"href":"https:\/\/www.egemtv.com\/index.php?rest_route=\/wp\/v2\/posts\/54738\/revisions\/54740"}],"wp:featuredmedia":[{"embeddable":true,"href":"https:\/\/www.egemtv.com\/index.php?rest_route=\/wp\/v2\/media\/54739"}],"wp:attachment":[{"href":"https:\/\/www.egemtv.com\/index.php?rest_route=%2Fwp%2Fv2%2Fmedia&parent=54738"}],"wp:term":[{"taxonomy":"category","embeddable":true,"href":"https:\/\/www.egemtv.com\/index.php?rest_route=%2Fwp%2Fv2%2Fcategories&post=54738"},{"taxonomy":"post_tag","embeddable":true,"href":"https:\/\/www.egemtv.com\/index.php?rest_route=%2Fwp%2Fv2%2Ftags&post=54738"}],"curies":[{"name":"wp","href":"https:\/\/api.w.org\/{rel}","templated":true}]}}