{"id":54735,"date":"2025-09-13T23:54:40","date_gmt":"2025-09-13T20:54:40","guid":{"rendered":"https:\/\/www.egemtv.com\/?p=54735"},"modified":"2025-09-13T23:54:41","modified_gmt":"2025-09-13T20:54:41","slug":"aydinda-dev-final-dev-ekranda","status":"publish","type":"post","link":"https:\/\/www.egemtv.com\/?p=54735","title":{"rendered":"Ayd\u0131n\u2019da dev final dev ekranda"},"content":{"rendered":"<p>Avrupa Basketbol \u015eampiyonas\u0131 finalinde Almanya ile kar\u015f\u0131la\u015facak olan T\u00fcrkiye Basketbol Milli tak\u0131m\u0131n\u0131n m\u00fccadelesi Atat\u00fcrk Kent Meydan\u0131\u2019na kurulacak dev ekrandan izlenebilecek.<\/p>\n<p>2025 Avrupa Basketbol \u015eampiyonas\u0131 (EuroBasket 2025) yar\u0131 finalinde T\u00fcrkiye, Yunanistan\u2019\u0131 94-68 ma\u011flup ederek finale y\u00fckseldi. T\u00fcrkiye &#8211; Almanya basketbol final ma\u00e7\u0131 14 Eyl\u00fcl Pazar g\u00fcn\u00fc saat 21.00\u2019de oynanacak. Ayd\u0131n B\u00fcy\u00fck\u015fehir Belediyesi dev ma\u00e7\u0131 dev ekrandan Ayd\u0131nl\u0131lar ile bulu\u015fturacak. Ayd\u0131n Atat\u00fcrk Kent Meydan\u0131 ve Yenipazar Belediyesi \u00f6n\u00fcnde kurulacak olan dev ekranlardan final heyecan\u0131 ya\u015fanacak.<\/p>\n<p>Ayd\u0131n B\u00fcy\u00fck\u015fehir Belediye Ba\u015fkan\u0131 \u00d6zlem \u00c7er\u00e7io\u011flu T\u00fcrkiye-Almanya final ma\u00e7\u0131n\u0131n heyecan\u0131n\u0131 dev ekranlardan ya\u015famak i\u00e7in t\u00fcm Ayd\u0131nl\u0131lar\u0131 ma\u00e7a davet etti.<br \/><\/p>\n","protected":false},"excerpt":{"rendered":"<p>Avrupa Basketbol \u015eampiyonas\u0131 finalinde Almanya ile kar\u015f\u0131la\u015facak olan T\u00fcrkiye Basketbol Milli tak\u0131m\u0131n\u0131n m\u00fccadelesi Atat\u00fcrk Kent Meydan\u0131\u2019na kurulacak dev ekrandan izlenebilecek. 2025 Avrupa Basketbol \u015eampiyonas\u0131 (EuroBasket 2025) yar\u0131 finalinde T\u00fcrkiye, Yunanistan\u2019\u0131 94-68 ma\u011flup ederek finale y\u00fckseldi. T\u00fcrkiye &#8211; Almanya basketbol final ma\u00e7\u0131 14 Eyl\u00fcl Pazar g\u00fcn\u00fc saat 21.00\u2019de oynanacak. Ayd\u0131n B\u00fcy\u00fck\u015fehir Belediyesi dev ma\u00e7\u0131 dev ekrandan&#8230;<\/p>\n","protected":false},"author":1,"featured_media":54736,"comment_status":"open","ping_status":"open","sticky":false,"template":"","format":"standard","meta":{"_crdt_document":"","footnotes":""},"categories":[4],"tags":[],"class_list":["post-54735","post","type-post","status-publish","format-standard","has-post-thumbnail","hentry","category-spor"],"_links":{"self":[{"href":"https:\/\/www.egemtv.com\/index.php?rest_route=\/wp\/v2\/posts\/54735","targetHints":{"allow":["GET"]}}],"collection":[{"href":"https:\/\/www.egemtv.com\/index.php?rest_route=\/wp\/v2\/posts"}],"about":[{"href":"https:\/\/www.egemtv.com\/index.php?rest_route=\/wp\/v2\/types\/post"}],"author":[{"embeddable":true,"href":"https:\/\/www.egemtv.com\/index.php?rest_route=\/wp\/v2\/users\/1"}],"replies":[{"embeddable":true,"href":"https:\/\/www.egemtv.com\/index.php?rest_route=%2Fwp%2Fv2%2Fcomments&post=54735"}],"version-history":[{"count":1,"href":"https:\/\/www.egemtv.com\/index.php?rest_route=\/wp\/v2\/posts\/54735\/revisions"}],"predecessor-version":[{"id":54737,"href":"https:\/\/www.egemtv.com\/index.php?rest_route=\/wp\/v2\/posts\/54735\/revisions\/54737"}],"wp:featuredmedia":[{"embeddable":true,"href":"https:\/\/www.egemtv.com\/index.php?rest_route=\/wp\/v2\/media\/54736"}],"wp:attachment":[{"href":"https:\/\/www.egemtv.com\/index.php?rest_route=%2Fwp%2Fv2%2Fmedia&parent=54735"}],"wp:term":[{"taxonomy":"category","embeddable":true,"href":"https:\/\/www.egemtv.com\/index.php?rest_route=%2Fwp%2Fv2%2Fcategories&post=54735"},{"taxonomy":"post_tag","embeddable":true,"href":"https:\/\/www.egemtv.com\/index.php?rest_route=%2Fwp%2Fv2%2Ftags&post=54735"}],"curies":[{"name":"wp","href":"https:\/\/api.w.org\/{rel}","templated":true}]}}