{"id":54732,"date":"2025-09-13T23:14:34","date_gmt":"2025-09-13T20:14:34","guid":{"rendered":"https:\/\/www.egemtv.com\/?p=54732"},"modified":"2025-09-13T23:14:35","modified_gmt":"2025-09-13T20:14:35","slug":"gocmenlerle-birlikte-kiskivrak-yakalandi","status":"publish","type":"post","link":"https:\/\/www.egemtv.com\/?p=54732","title":{"rendered":"G\u00f6\u00e7menlerle birlikte k\u0131sk\u0131vrak yakaland\u0131"},"content":{"rendered":"<p>Mu\u011fla\u2019n\u0131n Bodrum il\u00e7esinde ka\u00e7ak g\u00f6\u00e7menlerle birlikte yakalanan \u015f\u00fcpheli, g\u00f6\u00e7men ka\u00e7ak\u00e7\u0131l\u0131\u011f\u0131 yapt\u0131\u011f\u0131 su\u00e7lamas\u0131yla g\u00f6zalt\u0131na al\u0131nd\u0131.<\/p>\n<p>Edinilen bilgiye g\u00f6re bir grup g\u00f6\u00e7menin Koyunbaba Halk Plaj\u0131\u2019ndan bota binip yasad\u0131\u015f\u0131 yollarla Yunan adalar\u0131na ge\u00e7ece\u011fi bilgisini alan Bodrum \u0130l\u00e7e Jandarma Komutanl\u0131\u011f\u0131 Jandarma Su\u00e7 Ara\u015ft\u0131rma Timi &#8211; JASAT harekete ge\u00e7ti.<br \/>\n<br \/>Bodrum Cumhuriyet Ba\u015fsavc\u0131l\u0131\u011f\u0131 koordinesinde JASAT ekipleri karadan, Sahil G\u00fcvenlik ekipleri de denizden b\u00f6lgeye hareket etti. \u00c7\u0131k\u0131\u015f haz\u0131rl\u0131\u011f\u0131ndaki 6\u2019s\u0131 Yemen, 4\u2019\u00fc Suriye, 3\u2019\u00fc Irak, 1\u2019i L\u00fcbnan ve 1\u2019i de Somali uyruklu toplam 15 g\u00f6\u00e7men, JASAT ve Sahil G\u00fcvenlik\u2019in m\u00fc\u015fterek operasyonunda yakaland\u0131.<br \/>\n<br \/>G\u00f6\u00e7menler aras\u0131nda bulunan T\u00fcrk vatanda\u015f\u0131 B.E., g\u00f6\u00e7men ka\u00e7ak\u00e7\u0131l\u0131\u011f\u0131 yapt\u0131\u011f\u0131 su\u00e7lamas\u0131yla g\u00f6zalt\u0131na al\u0131nd\u0131. \u015e\u00fcpheli, karakoldaki i\u015flemlerinin ard\u0131ndan adliyeye sevk edildi. \u015e\u00fcpheli, \u00e7\u0131kar\u0131ld\u0131\u011f\u0131 mahkemece tutukland\u0131.<br \/><\/p>\n","protected":false},"excerpt":{"rendered":"<p>Mu\u011fla\u2019n\u0131n Bodrum il\u00e7esinde ka\u00e7ak g\u00f6\u00e7menlerle birlikte yakalanan \u015f\u00fcpheli, g\u00f6\u00e7men ka\u00e7ak\u00e7\u0131l\u0131\u011f\u0131 yapt\u0131\u011f\u0131 su\u00e7lamas\u0131yla g\u00f6zalt\u0131na al\u0131nd\u0131. Edinilen bilgiye g\u00f6re bir grup g\u00f6\u00e7menin Koyunbaba Halk Plaj\u0131\u2019ndan bota binip yasad\u0131\u015f\u0131 yollarla Yunan adalar\u0131na ge\u00e7ece\u011fi bilgisini alan Bodrum \u0130l\u00e7e Jandarma Komutanl\u0131\u011f\u0131 Jandarma Su\u00e7 Ara\u015ft\u0131rma Timi &#8211; JASAT harekete ge\u00e7ti. Bodrum Cumhuriyet Ba\u015fsavc\u0131l\u0131\u011f\u0131 koordinesinde JASAT ekipleri karadan, Sahil G\u00fcvenlik ekipleri de&#8230;<\/p>\n","protected":false},"author":1,"featured_media":54733,"comment_status":"open","ping_status":"open","sticky":false,"template":"","format":"standard","meta":{"_crdt_document":"","footnotes":""},"categories":[5],"tags":[],"class_list":["post-54732","post","type-post","status-publish","format-standard","has-post-thumbnail","hentry","category-asayis"],"_links":{"self":[{"href":"https:\/\/www.egemtv.com\/index.php?rest_route=\/wp\/v2\/posts\/54732","targetHints":{"allow":["GET"]}}],"collection":[{"href":"https:\/\/www.egemtv.com\/index.php?rest_route=\/wp\/v2\/posts"}],"about":[{"href":"https:\/\/www.egemtv.com\/index.php?rest_route=\/wp\/v2\/types\/post"}],"author":[{"embeddable":true,"href":"https:\/\/www.egemtv.com\/index.php?rest_route=\/wp\/v2\/users\/1"}],"replies":[{"embeddable":true,"href":"https:\/\/www.egemtv.com\/index.php?rest_route=%2Fwp%2Fv2%2Fcomments&post=54732"}],"version-history":[{"count":1,"href":"https:\/\/www.egemtv.com\/index.php?rest_route=\/wp\/v2\/posts\/54732\/revisions"}],"predecessor-version":[{"id":54734,"href":"https:\/\/www.egemtv.com\/index.php?rest_route=\/wp\/v2\/posts\/54732\/revisions\/54734"}],"wp:featuredmedia":[{"embeddable":true,"href":"https:\/\/www.egemtv.com\/index.php?rest_route=\/wp\/v2\/media\/54733"}],"wp:attachment":[{"href":"https:\/\/www.egemtv.com\/index.php?rest_route=%2Fwp%2Fv2%2Fmedia&parent=54732"}],"wp:term":[{"taxonomy":"category","embeddable":true,"href":"https:\/\/www.egemtv.com\/index.php?rest_route=%2Fwp%2Fv2%2Fcategories&post=54732"},{"taxonomy":"post_tag","embeddable":true,"href":"https:\/\/www.egemtv.com\/index.php?rest_route=%2Fwp%2Fv2%2Ftags&post=54732"}],"curies":[{"name":"wp","href":"https:\/\/api.w.org\/{rel}","templated":true}]}}