{"id":54726,"date":"2025-09-13T22:51:33","date_gmt":"2025-09-13T19:51:33","guid":{"rendered":"https:\/\/www.egemtv.com\/?p=54726"},"modified":"2025-09-13T22:51:34","modified_gmt":"2025-09-13T19:51:34","slug":"bozdogan-belediye-baskani-ozel-fuab-kongresine-katildi","status":"publish","type":"post","link":"https:\/\/www.egemtv.com\/?p=54726","title":{"rendered":"Bozdo\u011fan Belediye Ba\u015fkan\u0131 \u00d6zel FUAB Kongresine kat\u0131ld\u0131"},"content":{"rendered":"<p>Ayd\u0131n\u2019\u0131n Bozdo\u011fan \u0130l\u00e7e Belediye Ba\u015fkan\u0131 Mustafa Galip \u00d6zel, Ankara\u2019da d\u00fczenlenen Fidan \u00dcreticileri Alt Birli\u011fi (FUAB) Ola\u011fan Kongresine kat\u0131ld\u0131. Fidanc\u0131l\u0131k sekt\u00f6r\u00fcn\u00fcn temsilcilerini bir araya getiren kongre, duygusal anlara da sahne oldu.<\/p>\n<p>Kongrede s\u00f6z alan Ba\u015fkan \u00d6zel, merhum babas\u0131 Sami \u00d6zel\u2019in FUAB\u2019\u0131n kurucu \u00fcyelerinden biri oldu\u011funu hat\u0131rlatarak \u015funlar\u0131 s\u00f6yledi: &#8220;Rahmetli babam Sami \u00d6zel, fidanc\u0131l\u0131k sekt\u00f6r\u00fcne \u00f6mr\u00fcn\u00fc adam\u0131\u015f, milyonlarca a\u011fac\u0131n toprakla bulu\u015fmas\u0131na vesile olmu\u015ftu. Bug\u00fcn FUAB Ba\u015fkan\u0131m\u0131z Serdar \u015eenda\u011f taraf\u0131ndan, \u00d6zege Fidanc\u0131l\u0131k ad\u0131na verilen bu anlaml\u0131 \u00f6d\u00fcl\u00fc, babama ithafen ve fidanc\u0131l\u0131k sekt\u00f6r\u00fcn\u00fcn b\u00fcy\u00fcmesine emek veren t\u00fcm \u00e7al\u0131\u015fanlar\u0131m\u0131z ad\u0131na al\u0131yorum&#8221;<\/p>\n<p>Ba\u015fkan \u00d6zel, \u00f6d\u00fcl\u00fcn sadece bir plaket olmad\u0131\u011f\u0131n\u0131 vurgulayarak, &#8220;Bu sadece bir plaket de\u011fil; topra\u011fa d\u00fc\u015fen her fidan\u0131n, b\u00fcy\u00fcyen her a\u011fac\u0131n, ye\u015feren her umudun simgesidir. Eme\u011fi ge\u00e7en herkese te\u015fekk\u00fcr eder, bu yolculu\u011fa katk\u0131 sunan t\u00fcm dostlara sayg\u0131 ve selamlar\u0131m\u0131 sunar\u0131m&#8221; dedi.<\/p>\n<p>Ba\u015fkan \u00d6zel\u2019in konu\u015fmas\u0131, kongreye kat\u0131lan davetliler taraf\u0131ndan b\u00fcy\u00fck alk\u0131\u015f ald\u0131.<br \/><\/p>\n","protected":false},"excerpt":{"rendered":"<p>Ayd\u0131n\u2019\u0131n Bozdo\u011fan \u0130l\u00e7e Belediye Ba\u015fkan\u0131 Mustafa Galip \u00d6zel, Ankara\u2019da d\u00fczenlenen Fidan \u00dcreticileri Alt Birli\u011fi (FUAB) Ola\u011fan Kongresine kat\u0131ld\u0131. Fidanc\u0131l\u0131k sekt\u00f6r\u00fcn\u00fcn temsilcilerini bir araya getiren kongre, duygusal anlara da sahne oldu. Kongrede s\u00f6z alan Ba\u015fkan \u00d6zel, merhum babas\u0131 Sami \u00d6zel\u2019in FUAB\u2019\u0131n kurucu \u00fcyelerinden biri oldu\u011funu hat\u0131rlatarak \u015funlar\u0131 s\u00f6yledi: &#8220;Rahmetli babam Sami \u00d6zel, fidanc\u0131l\u0131k sekt\u00f6r\u00fcne \u00f6mr\u00fcn\u00fc adam\u0131\u015f,&#8230;<\/p>\n","protected":false},"author":1,"featured_media":54727,"comment_status":"open","ping_status":"open","sticky":false,"template":"","format":"standard","meta":{"_crdt_document":"","footnotes":""},"categories":[1],"tags":[],"class_list":["post-54726","post","type-post","status-publish","format-standard","has-post-thumbnail","hentry","category-guncel"],"_links":{"self":[{"href":"https:\/\/www.egemtv.com\/index.php?rest_route=\/wp\/v2\/posts\/54726","targetHints":{"allow":["GET"]}}],"collection":[{"href":"https:\/\/www.egemtv.com\/index.php?rest_route=\/wp\/v2\/posts"}],"about":[{"href":"https:\/\/www.egemtv.com\/index.php?rest_route=\/wp\/v2\/types\/post"}],"author":[{"embeddable":true,"href":"https:\/\/www.egemtv.com\/index.php?rest_route=\/wp\/v2\/users\/1"}],"replies":[{"embeddable":true,"href":"https:\/\/www.egemtv.com\/index.php?rest_route=%2Fwp%2Fv2%2Fcomments&post=54726"}],"version-history":[{"count":1,"href":"https:\/\/www.egemtv.com\/index.php?rest_route=\/wp\/v2\/posts\/54726\/revisions"}],"predecessor-version":[{"id":54728,"href":"https:\/\/www.egemtv.com\/index.php?rest_route=\/wp\/v2\/posts\/54726\/revisions\/54728"}],"wp:featuredmedia":[{"embeddable":true,"href":"https:\/\/www.egemtv.com\/index.php?rest_route=\/wp\/v2\/media\/54727"}],"wp:attachment":[{"href":"https:\/\/www.egemtv.com\/index.php?rest_route=%2Fwp%2Fv2%2Fmedia&parent=54726"}],"wp:term":[{"taxonomy":"category","embeddable":true,"href":"https:\/\/www.egemtv.com\/index.php?rest_route=%2Fwp%2Fv2%2Fcategories&post=54726"},{"taxonomy":"post_tag","embeddable":true,"href":"https:\/\/www.egemtv.com\/index.php?rest_route=%2Fwp%2Fv2%2Ftags&post=54726"}],"curies":[{"name":"wp","href":"https:\/\/api.w.org\/{rel}","templated":true}]}}