{"id":54723,"date":"2025-09-13T22:14:35","date_gmt":"2025-09-13T19:14:35","guid":{"rendered":"https:\/\/www.egemtv.com\/?p=54723"},"modified":"2025-09-13T22:14:35","modified_gmt":"2025-09-13T19:14:35","slug":"burdurda-otomobil-otobus-duragina-carpti-2-yarali","status":"publish","type":"post","link":"https:\/\/www.egemtv.com\/?p=54723","title":{"rendered":"Burdur\u2019da otomobil, otob\u00fcs dura\u011f\u0131na \u00e7arpt\u0131: 2 yaral\u0131"},"content":{"rendered":"<p>Burdur\u2019da kontrolden \u00e7\u0131kan otomobilin otob\u00fcs dura\u011f\u0131na \u00e7arpt\u0131\u011f\u0131 kazada 2 ki\u015fi yaraland\u0131.<br \/>\n<br \/>Kaza, saat 19.00 s\u0131ralar\u0131nda Burdur-Fethiye karayolunda meydana geldi. Edinilen bilgiye g\u00f6re, O.\u0130. idaresindeki 32 AP 525 plakal\u0131 otomobil, s\u00fcr\u00fcc\u00fcs\u00fcn\u00fcn direksiyon hakimiyeti kaybetmesi sonucu otob\u00fcs dura\u011f\u0131na \u00e7arpt\u0131. \u015eans eseri otob\u00fcs dura\u011f\u0131nda bekleyen kimse olamazken, kazada otomobil s\u00fcr\u00fcc\u00fc ve ara\u00e7ta yolcu olarak bulunan A.T.E. yaraland\u0131. \u0130hbar \u00fczerine olay yerine sa\u011fl\u0131k ve polis ekipleri sevk edildi. Yaral\u0131lar, ambulanslarla Burdur Devlet Hastanesine kald\u0131r\u0131ld\u0131.<br \/>\n<br \/>Kazayla ilgili inceleme ba\u015flat\u0131ld\u0131.<br \/><\/p>\n","protected":false},"excerpt":{"rendered":"<p>Burdur\u2019da kontrolden \u00e7\u0131kan otomobilin otob\u00fcs dura\u011f\u0131na \u00e7arpt\u0131\u011f\u0131 kazada 2 ki\u015fi yaraland\u0131. Kaza, saat 19.00 s\u0131ralar\u0131nda Burdur-Fethiye karayolunda meydana geldi. Edinilen bilgiye g\u00f6re, O.\u0130. idaresindeki 32 AP 525 plakal\u0131 otomobil, s\u00fcr\u00fcc\u00fcs\u00fcn\u00fcn direksiyon hakimiyeti kaybetmesi sonucu otob\u00fcs dura\u011f\u0131na \u00e7arpt\u0131. \u015eans eseri otob\u00fcs dura\u011f\u0131nda bekleyen kimse olamazken, kazada otomobil s\u00fcr\u00fcc\u00fc ve ara\u00e7ta yolcu olarak bulunan A.T.E. yaraland\u0131. \u0130hbar&#8230;<\/p>\n","protected":false},"author":1,"featured_media":54724,"comment_status":"open","ping_status":"open","sticky":false,"template":"","format":"standard","meta":{"_crdt_document":"","footnotes":""},"categories":[5],"tags":[],"class_list":["post-54723","post","type-post","status-publish","format-standard","has-post-thumbnail","hentry","category-asayis"],"_links":{"self":[{"href":"https:\/\/www.egemtv.com\/index.php?rest_route=\/wp\/v2\/posts\/54723","targetHints":{"allow":["GET"]}}],"collection":[{"href":"https:\/\/www.egemtv.com\/index.php?rest_route=\/wp\/v2\/posts"}],"about":[{"href":"https:\/\/www.egemtv.com\/index.php?rest_route=\/wp\/v2\/types\/post"}],"author":[{"embeddable":true,"href":"https:\/\/www.egemtv.com\/index.php?rest_route=\/wp\/v2\/users\/1"}],"replies":[{"embeddable":true,"href":"https:\/\/www.egemtv.com\/index.php?rest_route=%2Fwp%2Fv2%2Fcomments&post=54723"}],"version-history":[{"count":1,"href":"https:\/\/www.egemtv.com\/index.php?rest_route=\/wp\/v2\/posts\/54723\/revisions"}],"predecessor-version":[{"id":54725,"href":"https:\/\/www.egemtv.com\/index.php?rest_route=\/wp\/v2\/posts\/54723\/revisions\/54725"}],"wp:featuredmedia":[{"embeddable":true,"href":"https:\/\/www.egemtv.com\/index.php?rest_route=\/wp\/v2\/media\/54724"}],"wp:attachment":[{"href":"https:\/\/www.egemtv.com\/index.php?rest_route=%2Fwp%2Fv2%2Fmedia&parent=54723"}],"wp:term":[{"taxonomy":"category","embeddable":true,"href":"https:\/\/www.egemtv.com\/index.php?rest_route=%2Fwp%2Fv2%2Fcategories&post=54723"},{"taxonomy":"post_tag","embeddable":true,"href":"https:\/\/www.egemtv.com\/index.php?rest_route=%2Fwp%2Fv2%2Ftags&post=54723"}],"curies":[{"name":"wp","href":"https:\/\/api.w.org\/{rel}","templated":true}]}}