{"id":54717,"date":"2025-09-13T21:14:49","date_gmt":"2025-09-13T18:14:49","guid":{"rendered":"https:\/\/www.egemtv.com\/?p=54717"},"modified":"2025-09-13T21:14:49","modified_gmt":"2025-09-13T18:14:49","slug":"tur-otobusu-karsi-seride-gecti-1-yarali","status":"publish","type":"post","link":"https:\/\/www.egemtv.com\/?p=54717","title":{"rendered":"Tur otob\u00fcs\u00fc kar\u015f\u0131 \u015feride ge\u00e7ti: 1 yaral\u0131"},"content":{"rendered":"<p>Mu\u011fla\u2019n\u0131n Marmaris il\u00e7esinde, tur otob\u00fcs\u00fc kar\u015f\u0131 \u015feride ge\u00e7erek motosiklet ve bir araca \u00e7arparken kazada bir ki\u015fi yaraland\u0131.<\/p>\n<p>Edinilen bilgilere g\u00f6re, \u0130\u00e7meler Mahallesi\u2019nden Marmaris istikametine seyir halinde olan turistleri ta\u015f\u0131yan otob\u00fcs s\u00fcr\u00fcc\u00fcs\u00fcn\u00fcn direksiyon hakimiyetini kaybetmesi \u00fczerine kar\u015f\u0131 \u015feride ge\u00e7ti. Otob\u00fcs kar\u015f\u0131 \u015feritteki otomobil ve bir motosiklete \u00e7arparak durdu. Kazada hafif \u015fekilde yaralanan motosiklet s\u00fcr\u00fcc\u00fcs\u00fc, ihbar \u00fczerine b\u00f6lgeye sevk edilen ambulansla hastaneye kald\u0131r\u0131ld\u0131. Otomobillerdeki s\u00fcr\u00fcc\u00fc ve yolcular ise kazay\u0131 yara almadan atlatt\u0131.<br \/>\n<br \/>Kaza ile ilgili soru\u015fturma ba\u015flat\u0131ld\u0131.<br \/><\/p>\n","protected":false},"excerpt":{"rendered":"<p>Mu\u011fla\u2019n\u0131n Marmaris il\u00e7esinde, tur otob\u00fcs\u00fc kar\u015f\u0131 \u015feride ge\u00e7erek motosiklet ve bir araca \u00e7arparken kazada bir ki\u015fi yaraland\u0131. Edinilen bilgilere g\u00f6re, \u0130\u00e7meler Mahallesi\u2019nden Marmaris istikametine seyir halinde olan turistleri ta\u015f\u0131yan otob\u00fcs s\u00fcr\u00fcc\u00fcs\u00fcn\u00fcn direksiyon hakimiyetini kaybetmesi \u00fczerine kar\u015f\u0131 \u015feride ge\u00e7ti. Otob\u00fcs kar\u015f\u0131 \u015feritteki otomobil ve bir motosiklete \u00e7arparak durdu. Kazada hafif \u015fekilde yaralanan motosiklet s\u00fcr\u00fcc\u00fcs\u00fc, ihbar \u00fczerine&#8230;<\/p>\n","protected":false},"author":1,"featured_media":54718,"comment_status":"open","ping_status":"open","sticky":false,"template":"","format":"standard","meta":{"_crdt_document":"","footnotes":""},"categories":[5],"tags":[],"class_list":["post-54717","post","type-post","status-publish","format-standard","has-post-thumbnail","hentry","category-asayis"],"_links":{"self":[{"href":"https:\/\/www.egemtv.com\/index.php?rest_route=\/wp\/v2\/posts\/54717","targetHints":{"allow":["GET"]}}],"collection":[{"href":"https:\/\/www.egemtv.com\/index.php?rest_route=\/wp\/v2\/posts"}],"about":[{"href":"https:\/\/www.egemtv.com\/index.php?rest_route=\/wp\/v2\/types\/post"}],"author":[{"embeddable":true,"href":"https:\/\/www.egemtv.com\/index.php?rest_route=\/wp\/v2\/users\/1"}],"replies":[{"embeddable":true,"href":"https:\/\/www.egemtv.com\/index.php?rest_route=%2Fwp%2Fv2%2Fcomments&post=54717"}],"version-history":[{"count":1,"href":"https:\/\/www.egemtv.com\/index.php?rest_route=\/wp\/v2\/posts\/54717\/revisions"}],"predecessor-version":[{"id":54719,"href":"https:\/\/www.egemtv.com\/index.php?rest_route=\/wp\/v2\/posts\/54717\/revisions\/54719"}],"wp:featuredmedia":[{"embeddable":true,"href":"https:\/\/www.egemtv.com\/index.php?rest_route=\/wp\/v2\/media\/54718"}],"wp:attachment":[{"href":"https:\/\/www.egemtv.com\/index.php?rest_route=%2Fwp%2Fv2%2Fmedia&parent=54717"}],"wp:term":[{"taxonomy":"category","embeddable":true,"href":"https:\/\/www.egemtv.com\/index.php?rest_route=%2Fwp%2Fv2%2Fcategories&post=54717"},{"taxonomy":"post_tag","embeddable":true,"href":"https:\/\/www.egemtv.com\/index.php?rest_route=%2Fwp%2Fv2%2Ftags&post=54717"}],"curies":[{"name":"wp","href":"https:\/\/api.w.org\/{rel}","templated":true}]}}