{"id":54714,"date":"2025-09-13T18:36:16","date_gmt":"2025-09-13T15:36:16","guid":{"rendered":"https:\/\/www.egemtv.com\/?p=54714"},"modified":"2025-09-13T18:36:16","modified_gmt":"2025-09-13T15:36:16","slug":"tff-2-lig-mardin-1969-spor-1-aliaga-fk-0","status":"publish","type":"post","link":"https:\/\/www.egemtv.com\/?p=54714","title":{"rendered":"TFF 2. Lig: Mardin 1969 Spor: 1 &#8211; Alia\u011fa FK :0"},"content":{"rendered":"<p>TFF 2. Lig K\u0131rm\u0131z\u0131 Grup 4. hafta ma\u00e7\u0131nda Alia\u011faspor FK, deplasmanda kar\u015f\u0131la\u015ft\u0131\u011f\u0131 Mardin 1969 Spor\u2018a 1-0 ma\u011flup oldu.<\/p>\n<p>Stat: K\u0131z\u0131ltepe<br \/>\n<br \/>Hakemler: Safa Y\u0131lmaz, M\u00fccahit De\u011fermenci, Umut Ertemel<br \/>\n<br \/>Mardin 1969 Spor: \u0130smail Cengiz, Nafican Yard\u0131mc\u0131, Yal\u00e7\u0131n K\u0131l\u0131n\u00e7, Mehmet Y\u0131ld\u0131za\u00e7 (\u0130slam \u00c7erio\u011flu dk. 86), Mustafa \u015eeng\u00fcl, B\u00fcnyamin Balat (Abdullah Ayd\u0131n dk. 81), \u00d6zg\u00fcr Sert, Bar\u0131\u015f Sa\u011f\u0131r (Erol Can Akda\u011f dk. 72), M\u00fccahit Can Ak\u00e7ay, Ahmet \u00dcl\u00fck (Serdar Yi\u011fit  dk. 71), Melih \u0130nan (Mert Mira\u00e7 Alt\u0131nta\u015f dk. 82)<br \/>\n<br \/>Alia\u011faspor FK: Ahmet Pekg\u00f6z, Oktay Kanc\u0131, Veli \u00c7etin, Hakan Demir (Mustafa Saymak dk. 56), Erhan Kartal, Hasan K\u0131l\u0131\u00e7, Mertcan A\u00e7\u0131kg\u00f6z (Ahmet \u0130lhan \u00d6zek dk. 72), Muammer Sar\u0131kaya, Sergen Pi\u00e7inciol, Harun Kavakl\u0131dere (G\u00f6ktu\u011f Y\u0131lmaz 88\u2019dk), \u0130brahim Y\u0131lmaz (Malik Karaahmet dk. 72)<br \/>\n<br \/>Gol: Melih \u0130nan (dk. 45) (Mardin 1969 Spor)<br \/>\n<br \/>Sar\u0131 kartlar: Hasan K\u0131l\u0131\u00e7, Muammer Sar\u0131kaya, Veli \u00c7etin (Alia\u011fa FK), Mehmet Y\u0131ld\u0131za\u00e7 (Mardin 1969 Spor)<br \/><\/p>\n","protected":false},"excerpt":{"rendered":"<p>TFF 2. Lig K\u0131rm\u0131z\u0131 Grup 4. hafta ma\u00e7\u0131nda Alia\u011faspor FK, deplasmanda kar\u015f\u0131la\u015ft\u0131\u011f\u0131 Mardin 1969 Spor\u2018a 1-0 ma\u011flup oldu. Stat: K\u0131z\u0131ltepe Hakemler: Safa Y\u0131lmaz, M\u00fccahit De\u011fermenci, Umut Ertemel Mardin 1969 Spor: \u0130smail Cengiz, Nafican Yard\u0131mc\u0131, Yal\u00e7\u0131n K\u0131l\u0131n\u00e7, Mehmet Y\u0131ld\u0131za\u00e7 (\u0130slam \u00c7erio\u011flu dk. 86), Mustafa \u015eeng\u00fcl, B\u00fcnyamin Balat (Abdullah Ayd\u0131n dk. 81), \u00d6zg\u00fcr Sert, Bar\u0131\u015f Sa\u011f\u0131r (Erol&#8230;<\/p>\n","protected":false},"author":1,"featured_media":54715,"comment_status":"open","ping_status":"open","sticky":false,"template":"","format":"standard","meta":{"_crdt_document":"","footnotes":""},"categories":[4],"tags":[],"class_list":["post-54714","post","type-post","status-publish","format-standard","has-post-thumbnail","hentry","category-spor"],"_links":{"self":[{"href":"https:\/\/www.egemtv.com\/index.php?rest_route=\/wp\/v2\/posts\/54714","targetHints":{"allow":["GET"]}}],"collection":[{"href":"https:\/\/www.egemtv.com\/index.php?rest_route=\/wp\/v2\/posts"}],"about":[{"href":"https:\/\/www.egemtv.com\/index.php?rest_route=\/wp\/v2\/types\/post"}],"author":[{"embeddable":true,"href":"https:\/\/www.egemtv.com\/index.php?rest_route=\/wp\/v2\/users\/1"}],"replies":[{"embeddable":true,"href":"https:\/\/www.egemtv.com\/index.php?rest_route=%2Fwp%2Fv2%2Fcomments&post=54714"}],"version-history":[{"count":1,"href":"https:\/\/www.egemtv.com\/index.php?rest_route=\/wp\/v2\/posts\/54714\/revisions"}],"predecessor-version":[{"id":54716,"href":"https:\/\/www.egemtv.com\/index.php?rest_route=\/wp\/v2\/posts\/54714\/revisions\/54716"}],"wp:featuredmedia":[{"embeddable":true,"href":"https:\/\/www.egemtv.com\/index.php?rest_route=\/wp\/v2\/media\/54715"}],"wp:attachment":[{"href":"https:\/\/www.egemtv.com\/index.php?rest_route=%2Fwp%2Fv2%2Fmedia&parent=54714"}],"wp:term":[{"taxonomy":"category","embeddable":true,"href":"https:\/\/www.egemtv.com\/index.php?rest_route=%2Fwp%2Fv2%2Fcategories&post=54714"},{"taxonomy":"post_tag","embeddable":true,"href":"https:\/\/www.egemtv.com\/index.php?rest_route=%2Fwp%2Fv2%2Ftags&post=54714"}],"curies":[{"name":"wp","href":"https:\/\/api.w.org\/{rel}","templated":true}]}}