{"id":54708,"date":"2025-09-13T18:15:12","date_gmt":"2025-09-13T15:15:12","guid":{"rendered":"https:\/\/www.egemtv.com\/?p=54708"},"modified":"2025-09-13T18:15:13","modified_gmt":"2025-09-13T15:15:13","slug":"kusadasina-ilk-defa-leylek-geldi","status":"publish","type":"post","link":"https:\/\/www.egemtv.com\/?p=54708","title":{"rendered":"Ku\u015fadas\u0131\u2019na ilk defa leylek geldi"},"content":{"rendered":"<p>Ayd\u0131n\u2019\u0131n 17 il\u00e7esinde y\u0131llard\u0131r d\u00fczenli olarak yap\u0131lan leylek (Ciconia ciconia) say\u0131mlar\u0131nda, bug\u00fcne dek sadece Ku\u015fadas\u0131\u2019nda hi\u00e7 yuva tespit edilemezken, bu y\u0131l Haziran ay\u0131n\u0131n sonlar\u0131nda Ku\u015fadas\u0131\u2019na bir \u00e7ift leylek geldi.<\/p>\n<p>Mermer at\u00f6lyesinin i\u00e7indeki bir telefon dire\u011fine yuva kurarak b\u00f6lgeyi sahiplenen leylekler, Karaova ve De\u011firmendere\u2019deki bah\u00e7elerde beslenerek ya\u015famlar\u0131n\u0131 s\u00fcrd\u00fcrd\u00fc. Ge\u00e7 geldikleri i\u00e7in bu y\u0131l \u00fcreme ger\u00e7ekle\u015ftiremezlerken ancak yakla\u015f\u0131k \u00fc\u00e7 ay boyunca Ku\u015fadas\u0131 semalar\u0131nda s\u00fcz\u00fcld\u00fckten sonra g\u00f6\u00e7 yolculu\u011funa ba\u015flad\u0131lar.<\/p>\n<p>EKODOSD yetkilileri, gelecek y\u0131l ayn\u0131 yuvaya d\u00f6nmeleri i\u00e7in haz\u0131rl\u0131klara \u015fimdiden ba\u015flad\u0131. ADM Elektrik Da\u011f\u0131t\u0131m \u015eirketi ile yap\u0131lan g\u00f6r\u00fc\u015fmeler sonucunda, mevcut yuvan\u0131n y\u00fckseltilerek yapay bir platforma al\u0131nmas\u0131 planlan\u0131yor. Bu sayede leyleklerin daha g\u00fcvenli bir \u015fekilde \u00fcremeleri ve yavrular\u0131n\u0131 b\u00fcy\u00fctmeleri hedefleniyor.<br \/><\/p>\n","protected":false},"excerpt":{"rendered":"<p>Ayd\u0131n\u2019\u0131n 17 il\u00e7esinde y\u0131llard\u0131r d\u00fczenli olarak yap\u0131lan leylek (Ciconia ciconia) say\u0131mlar\u0131nda, bug\u00fcne dek sadece Ku\u015fadas\u0131\u2019nda hi\u00e7 yuva tespit edilemezken, bu y\u0131l Haziran ay\u0131n\u0131n sonlar\u0131nda Ku\u015fadas\u0131\u2019na bir \u00e7ift leylek geldi. Mermer at\u00f6lyesinin i\u00e7indeki bir telefon dire\u011fine yuva kurarak b\u00f6lgeyi sahiplenen leylekler, Karaova ve De\u011firmendere\u2019deki bah\u00e7elerde beslenerek ya\u015famlar\u0131n\u0131 s\u00fcrd\u00fcrd\u00fc. Ge\u00e7 geldikleri i\u00e7in bu y\u0131l \u00fcreme ger\u00e7ekle\u015ftiremezlerken ancak&#8230;<\/p>\n","protected":false},"author":1,"featured_media":54709,"comment_status":"open","ping_status":"open","sticky":false,"template":"","format":"standard","meta":{"_crdt_document":"","footnotes":""},"categories":[1],"tags":[],"class_list":["post-54708","post","type-post","status-publish","format-standard","has-post-thumbnail","hentry","category-guncel"],"_links":{"self":[{"href":"https:\/\/www.egemtv.com\/index.php?rest_route=\/wp\/v2\/posts\/54708","targetHints":{"allow":["GET"]}}],"collection":[{"href":"https:\/\/www.egemtv.com\/index.php?rest_route=\/wp\/v2\/posts"}],"about":[{"href":"https:\/\/www.egemtv.com\/index.php?rest_route=\/wp\/v2\/types\/post"}],"author":[{"embeddable":true,"href":"https:\/\/www.egemtv.com\/index.php?rest_route=\/wp\/v2\/users\/1"}],"replies":[{"embeddable":true,"href":"https:\/\/www.egemtv.com\/index.php?rest_route=%2Fwp%2Fv2%2Fcomments&post=54708"}],"version-history":[{"count":1,"href":"https:\/\/www.egemtv.com\/index.php?rest_route=\/wp\/v2\/posts\/54708\/revisions"}],"predecessor-version":[{"id":54710,"href":"https:\/\/www.egemtv.com\/index.php?rest_route=\/wp\/v2\/posts\/54708\/revisions\/54710"}],"wp:featuredmedia":[{"embeddable":true,"href":"https:\/\/www.egemtv.com\/index.php?rest_route=\/wp\/v2\/media\/54709"}],"wp:attachment":[{"href":"https:\/\/www.egemtv.com\/index.php?rest_route=%2Fwp%2Fv2%2Fmedia&parent=54708"}],"wp:term":[{"taxonomy":"category","embeddable":true,"href":"https:\/\/www.egemtv.com\/index.php?rest_route=%2Fwp%2Fv2%2Fcategories&post=54708"},{"taxonomy":"post_tag","embeddable":true,"href":"https:\/\/www.egemtv.com\/index.php?rest_route=%2Fwp%2Fv2%2Ftags&post=54708"}],"curies":[{"name":"wp","href":"https:\/\/api.w.org\/{rel}","templated":true}]}}