{"id":54705,"date":"2025-09-13T17:54:40","date_gmt":"2025-09-13T14:54:40","guid":{"rendered":"https:\/\/www.egemtv.com\/?p=54705"},"modified":"2025-09-13T17:54:41","modified_gmt":"2025-09-13T14:54:41","slug":"kutahyada-sehit-uzman-cavus-yucel-yesil-icin-toren-duzenlendi","status":"publish","type":"post","link":"https:\/\/www.egemtv.com\/?p=54705","title":{"rendered":"K\u00fctahya\u2019da \u015eehit Uzman \u00c7avu\u015f Y\u00fccel Ye\u015fil i\u00e7in t\u00f6ren d\u00fczenlendi"},"content":{"rendered":"<p>K\u00fctahya-\u00c7avdarhisar yolunda meydana gelen kazada \u015fehit olan Jandarma Uzman \u00c7avu\u015f Y\u00fccel Ye\u015fil (26), d\u00fczenlenen t\u00f6renin ard\u0131ndan memleketi Manisa\u2019ya u\u011furland\u0131.<br \/>\n<br \/>Olay, bug\u00fcn K\u00fctahya &#8211; \u00c7avdarhisar yolunun 35. kilometresinde meydana geldi. Yol kontrol\u00fc s\u0131ras\u0131nda kar\u015f\u0131 \u015feritten takla atan otomobilin alt\u0131nda kalarak \u015fehit olan Uzman \u00c7avu\u015f Ye\u015fil i\u00e7in K\u00fctahya \u0130l Jandarma Komutanl\u0131\u011f\u0131\u2019nda t\u00f6ren d\u00fczenlendi.<br \/>\n<br \/>Manisa\u2019n\u0131n Kula il\u00e7esi n\u00fcfusuna kay\u0131tl\u0131 olan \u015fehidin cenaze t\u00f6renine, K\u00fctahya protokol\u00fc, silah arkada\u015flar\u0131 ve \u00e7ok say\u0131da vatanda\u015f kat\u0131ld\u0131. T\u00f6renin ard\u0131ndan \u015eehit Uzman \u00c7avu\u015f Y\u00fccel Ye\u015fil\u2019in naa\u015f\u0131, defnedilmek \u00fczere memleketi Manisa\u2019ya g\u00f6nderildi.<br \/><\/p>\n","protected":false},"excerpt":{"rendered":"<p>K\u00fctahya-\u00c7avdarhisar yolunda meydana gelen kazada \u015fehit olan Jandarma Uzman \u00c7avu\u015f Y\u00fccel Ye\u015fil (26), d\u00fczenlenen t\u00f6renin ard\u0131ndan memleketi Manisa\u2019ya u\u011furland\u0131. Olay, bug\u00fcn K\u00fctahya &#8211; \u00c7avdarhisar yolunun 35. kilometresinde meydana geldi. Yol kontrol\u00fc s\u0131ras\u0131nda kar\u015f\u0131 \u015feritten takla atan otomobilin alt\u0131nda kalarak \u015fehit olan Uzman \u00c7avu\u015f Ye\u015fil i\u00e7in K\u00fctahya \u0130l Jandarma Komutanl\u0131\u011f\u0131\u2019nda t\u00f6ren d\u00fczenlendi. Manisa\u2019n\u0131n Kula il\u00e7esi n\u00fcfusuna&#8230;<\/p>\n","protected":false},"author":1,"featured_media":54706,"comment_status":"open","ping_status":"open","sticky":false,"template":"","format":"standard","meta":{"_crdt_document":"","footnotes":""},"categories":[5],"tags":[],"class_list":["post-54705","post","type-post","status-publish","format-standard","has-post-thumbnail","hentry","category-asayis"],"_links":{"self":[{"href":"https:\/\/www.egemtv.com\/index.php?rest_route=\/wp\/v2\/posts\/54705","targetHints":{"allow":["GET"]}}],"collection":[{"href":"https:\/\/www.egemtv.com\/index.php?rest_route=\/wp\/v2\/posts"}],"about":[{"href":"https:\/\/www.egemtv.com\/index.php?rest_route=\/wp\/v2\/types\/post"}],"author":[{"embeddable":true,"href":"https:\/\/www.egemtv.com\/index.php?rest_route=\/wp\/v2\/users\/1"}],"replies":[{"embeddable":true,"href":"https:\/\/www.egemtv.com\/index.php?rest_route=%2Fwp%2Fv2%2Fcomments&post=54705"}],"version-history":[{"count":1,"href":"https:\/\/www.egemtv.com\/index.php?rest_route=\/wp\/v2\/posts\/54705\/revisions"}],"predecessor-version":[{"id":54707,"href":"https:\/\/www.egemtv.com\/index.php?rest_route=\/wp\/v2\/posts\/54705\/revisions\/54707"}],"wp:featuredmedia":[{"embeddable":true,"href":"https:\/\/www.egemtv.com\/index.php?rest_route=\/wp\/v2\/media\/54706"}],"wp:attachment":[{"href":"https:\/\/www.egemtv.com\/index.php?rest_route=%2Fwp%2Fv2%2Fmedia&parent=54705"}],"wp:term":[{"taxonomy":"category","embeddable":true,"href":"https:\/\/www.egemtv.com\/index.php?rest_route=%2Fwp%2Fv2%2Fcategories&post=54705"},{"taxonomy":"post_tag","embeddable":true,"href":"https:\/\/www.egemtv.com\/index.php?rest_route=%2Fwp%2Fv2%2Ftags&post=54705"}],"curies":[{"name":"wp","href":"https:\/\/api.w.org\/{rel}","templated":true}]}}