{"id":54702,"date":"2025-09-13T17:14:54","date_gmt":"2025-09-13T14:14:54","guid":{"rendered":"https:\/\/www.egemtv.com\/?p=54702"},"modified":"2025-09-13T17:14:54","modified_gmt":"2025-09-13T14:14:54","slug":"aydin-buyuksehirden-provokasyon-iddialarina-cevap","status":"publish","type":"post","link":"https:\/\/www.egemtv.com\/?p=54702","title":{"rendered":"Ayd\u0131n B\u00fcy\u00fck\u015fehir\u2019den provokasyon iddialar\u0131na cevap"},"content":{"rendered":"<p>Ayd\u0131n B\u00fcy\u00fck\u015fehir Belediyesi \u0130tfaiyesi\u2019ne ait bir arac\u0131n ihbara gitti\u011fi s\u0131rada provokasyon iddialar\u0131na konu edilmesi \u00fczerine B\u00fcy\u00fck\u015fehir Belediyesi\u2019nden a\u00e7\u0131klamada bulunularak, &#8221; Al\u0131n teriyle hizmet \u00fcretmeye \u00e7al\u0131\u015fan itfaiyecilerimize kirli iftiralar atmaya kimsenin hakk\u0131 yoktur&#8221; denildi.<br \/>\n<br \/>Ayd\u0131n B\u00fcy\u00fck\u015fehir Belediyesi\u2019nden yap\u0131lan a\u00e7\u0131klamada, &#8220;D\u00fcn saat 18.27\u2019de 112 Acil \u00c7a\u011fr\u0131 Merkezi\u2019ne gelen ihbar \u00fczerine bir intihar vakas\u0131na m\u00fcdahale i\u00e7in yola \u00e7\u0131kan Ayd\u0131n B\u00fcy\u00fck\u015fehir Belediyesi \u0130tfaiyesine ait bir itfaiye arac\u0131m\u0131z, ihbar g\u00fczergah\u0131nda yap\u0131lmakta olan bir bas\u0131n toplant\u0131s\u0131 s\u0131ras\u0131nda, ihbar edilen adrese ula\u015fmaya \u00e7al\u0131\u015f\u0131rken CHP\u2019li bir belediye ba\u015fkan\u0131n\u0131n as\u0131ls\u0131z &#8220;provokasyon&#8221; iddialar\u0131na konu edilmi\u015ftir. Hayat kurtarmak i\u00e7in g\u00f6rev yapan, 365 g\u00fcn 24 saat boyunca vatanda\u015f\u0131m\u0131z\u0131n can ve mal g\u00fcvenli\u011fini teminen n\u00f6bet tutan itfaiye te\u015fkilat\u0131m\u0131z\u0131n b\u00f6ylesine \u00e7irkin ithamlarla hedef al\u0131nmas\u0131 bir Belediye Ba\u015fkan\u0131na yak\u0131\u015fmayan sorumsuzluktur. \u0130tfaiyecilerimizin tek bir amac\u0131 vard\u0131r; yang\u0131nda, selde, afette ve her t\u00fcrl\u00fc acil durumlarda vatanda\u015flar\u0131m\u0131z\u0131n \u00f6ncelikle can ve mal g\u00fcvenli\u011fini sa\u011flamak. Bunun d\u0131\u015f\u0131nda hi\u00e7bir niyet ya da ama\u00e7 s\u00f6z konusu olamaz. G\u00f6revini \u00f6zveriyle yapan itfaiyecilerimizi ve Ayd\u0131n B\u00fcy\u00fck\u015fehir Belediyesi\u2019nin itfaiye te\u015fkilat\u0131n\u0131 siyasi tart\u0131\u015fmalar\u0131n i\u00e7ine \u00e7ekmeye \u00e7al\u0131\u015fmaya, bunu yaparken al\u0131n teriyle hizmet \u00fcretmeye \u00e7al\u0131\u015fan itfaiyecilerimize kirli iftiralar atmaya kimsenin hakk\u0131 yoktur. Hi\u00e7 kimse bir kamu hizmeti g\u00f6rmeyi ama\u00e7layan bir kurumu ve birimi provakatif y\u00f6ntemlerle kullanmaya \u00e7al\u0131\u015famaz. Hele ki bunu bir belediye ba\u015fkan\u0131 yap\u0131yorsa bu a\u00e7\u0131k\u00e7a mevzuat\u0131n emretti\u011fi \u015fekilde il\u00e7esine hizmet etmekten uzakla\u015ft\u0131\u011f\u0131n\u0131n g\u00f6stergesidir&#8221; denildi.<br \/><\/p>\n","protected":false},"excerpt":{"rendered":"<p>Ayd\u0131n B\u00fcy\u00fck\u015fehir Belediyesi \u0130tfaiyesi\u2019ne ait bir arac\u0131n ihbara gitti\u011fi s\u0131rada provokasyon iddialar\u0131na konu edilmesi \u00fczerine B\u00fcy\u00fck\u015fehir Belediyesi\u2019nden a\u00e7\u0131klamada bulunularak, &#8221; Al\u0131n teriyle hizmet \u00fcretmeye \u00e7al\u0131\u015fan itfaiyecilerimize kirli iftiralar atmaya kimsenin hakk\u0131 yoktur&#8221; denildi. Ayd\u0131n B\u00fcy\u00fck\u015fehir Belediyesi\u2019nden yap\u0131lan a\u00e7\u0131klamada, &#8220;D\u00fcn saat 18.27\u2019de 112 Acil \u00c7a\u011fr\u0131 Merkezi\u2019ne gelen ihbar \u00fczerine bir intihar vakas\u0131na m\u00fcdahale i\u00e7in yola \u00e7\u0131kan&#8230;<\/p>\n","protected":false},"author":1,"featured_media":54703,"comment_status":"open","ping_status":"open","sticky":false,"template":"","format":"standard","meta":{"_crdt_document":"","footnotes":""},"categories":[1],"tags":[],"class_list":["post-54702","post","type-post","status-publish","format-standard","has-post-thumbnail","hentry","category-guncel"],"_links":{"self":[{"href":"https:\/\/www.egemtv.com\/index.php?rest_route=\/wp\/v2\/posts\/54702","targetHints":{"allow":["GET"]}}],"collection":[{"href":"https:\/\/www.egemtv.com\/index.php?rest_route=\/wp\/v2\/posts"}],"about":[{"href":"https:\/\/www.egemtv.com\/index.php?rest_route=\/wp\/v2\/types\/post"}],"author":[{"embeddable":true,"href":"https:\/\/www.egemtv.com\/index.php?rest_route=\/wp\/v2\/users\/1"}],"replies":[{"embeddable":true,"href":"https:\/\/www.egemtv.com\/index.php?rest_route=%2Fwp%2Fv2%2Fcomments&post=54702"}],"version-history":[{"count":1,"href":"https:\/\/www.egemtv.com\/index.php?rest_route=\/wp\/v2\/posts\/54702\/revisions"}],"predecessor-version":[{"id":54704,"href":"https:\/\/www.egemtv.com\/index.php?rest_route=\/wp\/v2\/posts\/54702\/revisions\/54704"}],"wp:featuredmedia":[{"embeddable":true,"href":"https:\/\/www.egemtv.com\/index.php?rest_route=\/wp\/v2\/media\/54703"}],"wp:attachment":[{"href":"https:\/\/www.egemtv.com\/index.php?rest_route=%2Fwp%2Fv2%2Fmedia&parent=54702"}],"wp:term":[{"taxonomy":"category","embeddable":true,"href":"https:\/\/www.egemtv.com\/index.php?rest_route=%2Fwp%2Fv2%2Fcategories&post=54702"},{"taxonomy":"post_tag","embeddable":true,"href":"https:\/\/www.egemtv.com\/index.php?rest_route=%2Fwp%2Fv2%2Ftags&post=54702"}],"curies":[{"name":"wp","href":"https:\/\/api.w.org\/{rel}","templated":true}]}}