{"id":54699,"date":"2025-09-13T17:14:53","date_gmt":"2025-09-13T14:14:53","guid":{"rendered":"https:\/\/www.egemtv.com\/?p=54699"},"modified":"2025-09-13T17:14:54","modified_gmt":"2025-09-13T14:14:54","slug":"civril-uluslararasi-elma-festivalinde-merve-ozbey-ruzgari-esti","status":"publish","type":"post","link":"https:\/\/www.egemtv.com\/?p=54699","title":{"rendered":"\u00c7ivril Uluslararas\u0131 Elma Festivalinde Merve \u00d6zbey r\u00fczgar\u0131 esti"},"content":{"rendered":"<p>DEN\u0130ZL\u0130 (\u0130HA) \u2013 Denizli\u2019de \u00c7ivril Belediyesi taraf\u0131ndan d\u00fczenlenen 27. Uluslararas\u0131 Elma Tar\u0131m ve K\u00fclt\u00fcr Festivalinde sahne alan \u00fcnl\u00fc sanat\u00e7\u0131 Merve \u00d6zbey, co\u015fkulu kalabal\u0131\u011fa unutulmaz bir gece ya\u015fatt\u0131.<\/p>\n<p>\u00c7ivril Belediyesi taraf\u0131ndan d\u00fczenlenen 27. Uluslararas\u0131 Elma Tar\u0131m ve K\u00fclt\u00fcr Festivali b\u00fcy\u00fck bir co\u015fkuyla devam ediyor. \u00c7ivril\u2019de 4 g\u00fcn boyunca bir birinden renkli sanat, tarih ve tar\u0131m etkinliklerine ev sahipli\u011fi yapacak olan festivalin ikinci g\u00fcn\u00fcnde pop m\u00fczi\u011fin sevilen sesi Merve \u00d6zbey, meydan\u0131 dolduran binlerce ki\u015fiye unutulmaz bir gece ya\u015fatt\u0131.<\/p>\n<p>Sevilen \u015fark\u0131lar\u0131n\u0131 kalabal\u0131kla birlikte seslendiren \u00fcnl\u00fc sanat\u00e7\u0131 Merve \u00d6zbey, g\u00fc\u00e7l\u00fc sahne performans\u0131yla izleyicilere m\u00fczik ziyafeti sundu. Konserin sonunda e\u015fiyle birlikte sahneye \u00e7\u0131kan \u00c7ivril Belediye Ba\u015fkan\u0131 Semih Dere, \u00fcnl\u00fc sanat\u00e7\u0131 Merve \u00d6zbey\u2019e hediye takdiminde bulundu. Kalabal\u0131\u011f\u0131n sevgi g\u00f6sterilerinde bulundu\u011fu Ba\u015fkan Dere, hem\u015fehrileriyle bol bol foto\u011fraf \u00e7ektirdi.<\/p>\n<p>\u00c7ivril\u2019de festival co\u015fkusunun devam etti\u011fini belirten Ba\u015fkan Semih Derei &#8220;\u00c7ivril Uluslararas\u0131 27. Elma Tar\u0131m ve K\u00fclt\u00fcr Festivalimizin ikinci g\u00fcn\u00fc, \u00fcnl\u00fc sanat\u00e7\u0131 Merve \u00d6zbey\u2019in sahne ald\u0131\u011f\u0131 muhte\u015fem konserle ta\u00e7land\u0131. Enerjisi ve g\u00fc\u00e7l\u00fc performans\u0131yla geceye damga vuran Merve \u00d6zbey\u2019in birbirinden g\u00fczel \u015fark\u0131lar\u0131yla doyas\u0131ya e\u011flendik. Festival alan\u0131n\u0131 h\u0131nca h\u0131n\u00e7 dolduran binlerce hem\u015fehrimiz \u015fark\u0131lara hep bir a\u011f\u0131zdan e\u015flik ederek co\u015fkuya ortak oldu. Festival co\u015fkumuzu payla\u015fan t\u00fcm hem\u015fehrilerime, kat\u0131l\u0131m sa\u011flayan ve eme\u011fi ge\u00e7en herkese g\u00f6n\u00fclden te\u015fekk\u00fcr ediyorum&#8221; \u015feklinde konu\u015ftu.<br \/><\/p>\n","protected":false},"excerpt":{"rendered":"<p>DEN\u0130ZL\u0130 (\u0130HA) \u2013 Denizli\u2019de \u00c7ivril Belediyesi taraf\u0131ndan d\u00fczenlenen 27. Uluslararas\u0131 Elma Tar\u0131m ve K\u00fclt\u00fcr Festivalinde sahne alan \u00fcnl\u00fc sanat\u00e7\u0131 Merve \u00d6zbey, co\u015fkulu kalabal\u0131\u011fa unutulmaz bir gece ya\u015fatt\u0131. \u00c7ivril Belediyesi taraf\u0131ndan d\u00fczenlenen 27. Uluslararas\u0131 Elma Tar\u0131m ve K\u00fclt\u00fcr Festivali b\u00fcy\u00fck bir co\u015fkuyla devam ediyor. \u00c7ivril\u2019de 4 g\u00fcn boyunca bir birinden renkli sanat, tarih ve tar\u0131m etkinliklerine&#8230;<\/p>\n","protected":false},"author":1,"featured_media":54700,"comment_status":"open","ping_status":"open","sticky":false,"template":"","format":"standard","meta":{"_crdt_document":"","footnotes":""},"categories":[1],"tags":[],"class_list":["post-54699","post","type-post","status-publish","format-standard","has-post-thumbnail","hentry","category-guncel"],"_links":{"self":[{"href":"https:\/\/www.egemtv.com\/index.php?rest_route=\/wp\/v2\/posts\/54699","targetHints":{"allow":["GET"]}}],"collection":[{"href":"https:\/\/www.egemtv.com\/index.php?rest_route=\/wp\/v2\/posts"}],"about":[{"href":"https:\/\/www.egemtv.com\/index.php?rest_route=\/wp\/v2\/types\/post"}],"author":[{"embeddable":true,"href":"https:\/\/www.egemtv.com\/index.php?rest_route=\/wp\/v2\/users\/1"}],"replies":[{"embeddable":true,"href":"https:\/\/www.egemtv.com\/index.php?rest_route=%2Fwp%2Fv2%2Fcomments&post=54699"}],"version-history":[{"count":1,"href":"https:\/\/www.egemtv.com\/index.php?rest_route=\/wp\/v2\/posts\/54699\/revisions"}],"predecessor-version":[{"id":54701,"href":"https:\/\/www.egemtv.com\/index.php?rest_route=\/wp\/v2\/posts\/54699\/revisions\/54701"}],"wp:featuredmedia":[{"embeddable":true,"href":"https:\/\/www.egemtv.com\/index.php?rest_route=\/wp\/v2\/media\/54700"}],"wp:attachment":[{"href":"https:\/\/www.egemtv.com\/index.php?rest_route=%2Fwp%2Fv2%2Fmedia&parent=54699"}],"wp:term":[{"taxonomy":"category","embeddable":true,"href":"https:\/\/www.egemtv.com\/index.php?rest_route=%2Fwp%2Fv2%2Fcategories&post=54699"},{"taxonomy":"post_tag","embeddable":true,"href":"https:\/\/www.egemtv.com\/index.php?rest_route=%2Fwp%2Fv2%2Ftags&post=54699"}],"curies":[{"name":"wp","href":"https:\/\/api.w.org\/{rel}","templated":true}]}}