{"id":54696,"date":"2025-09-13T17:14:52","date_gmt":"2025-09-13T14:14:52","guid":{"rendered":"https:\/\/www.egemtv.com\/?p=54696"},"modified":"2025-09-13T17:14:53","modified_gmt":"2025-09-13T14:14:53","slug":"aydin-buyuksehirden-imar-aciklamasi","status":"publish","type":"post","link":"https:\/\/www.egemtv.com\/?p=54696","title":{"rendered":"Ayd\u0131n B\u00fcy\u00fck\u015fehir\u2019den imar a\u00e7\u0131klamas\u0131"},"content":{"rendered":"<p>Ayd\u0131n B\u00fcy\u00fck\u015fehir Belediyesi Efeler Kurtulu\u015f Mhallesi\u2019ndeki 1 parselin ticaret alan\u0131 olarak planland\u0131\u011f\u0131n\u0131 a\u00e7\u0131klad\u0131.<br \/>\n<br \/>Ayd\u0131n B\u00fcy\u00fck\u015fehir Belediyesi \u0130mar ve \u015eehircilik Dairesi Ba\u015fkanl\u0131\u011f\u0131\u2019ndan yap\u0131lan a\u00e7\u0131klamada, &#8220;Son g\u00fcnlerde kamuoyunda, Efeler il\u00e7esi Kurtulu\u015f Mahallesi 2195 ada 1 parselin (Eski Carrefour\/Gima Alan\u0131) imar plan\u0131ndaki fonksiyonu ve imar hakk\u0131 ile ilgili taraf\u0131m\u0131za \u00e7ok\u00e7a soru sorulmakta ve bilgi edinilmeye \u00e7al\u0131\u015f\u0131lmaktad\u0131r. Kamuoyunun do\u011fru bilgilendirilmesi amac\u0131yla a\u00e7\u0131klama yapma gere\u011fi duyulmu\u015ftur. Bahse konu parsel, 15.01.2015 tarih ve 40 say\u0131l\u0131 Belediye Meclis Karar\u0131 ile onaylanan ve m\u00fcnhas\u0131ran haz\u0131rlanm\u0131\u015f olan imar plan\u0131 kapsam\u0131nda &#8220;ticaret alan\u0131&#8221; olarak planlanm\u0131\u015ft\u0131r. Dolay\u0131s\u0131 ile i\u015f merkezi, yurt, kurs, sinema ve sair ticari fonksiyonlar\u0131n yer almas\u0131na uygundur. Kamuoyunun bilgisine sayg\u0131yla sunar\u0131z&#8221; denildi.<br \/><\/p>\n","protected":false},"excerpt":{"rendered":"<p>Ayd\u0131n B\u00fcy\u00fck\u015fehir Belediyesi Efeler Kurtulu\u015f Mhallesi\u2019ndeki 1 parselin ticaret alan\u0131 olarak planland\u0131\u011f\u0131n\u0131 a\u00e7\u0131klad\u0131. Ayd\u0131n B\u00fcy\u00fck\u015fehir Belediyesi \u0130mar ve \u015eehircilik Dairesi Ba\u015fkanl\u0131\u011f\u0131\u2019ndan yap\u0131lan a\u00e7\u0131klamada, &#8220;Son g\u00fcnlerde kamuoyunda, Efeler il\u00e7esi Kurtulu\u015f Mahallesi 2195 ada 1 parselin (Eski Carrefour\/Gima Alan\u0131) imar plan\u0131ndaki fonksiyonu ve imar hakk\u0131 ile ilgili taraf\u0131m\u0131za \u00e7ok\u00e7a soru sorulmakta ve bilgi edinilmeye \u00e7al\u0131\u015f\u0131lmaktad\u0131r. Kamuoyunun do\u011fru&#8230;<\/p>\n","protected":false},"author":1,"featured_media":54697,"comment_status":"open","ping_status":"open","sticky":false,"template":"","format":"standard","meta":{"_crdt_document":"","footnotes":""},"categories":[1],"tags":[],"class_list":["post-54696","post","type-post","status-publish","format-standard","has-post-thumbnail","hentry","category-guncel"],"_links":{"self":[{"href":"https:\/\/www.egemtv.com\/index.php?rest_route=\/wp\/v2\/posts\/54696","targetHints":{"allow":["GET"]}}],"collection":[{"href":"https:\/\/www.egemtv.com\/index.php?rest_route=\/wp\/v2\/posts"}],"about":[{"href":"https:\/\/www.egemtv.com\/index.php?rest_route=\/wp\/v2\/types\/post"}],"author":[{"embeddable":true,"href":"https:\/\/www.egemtv.com\/index.php?rest_route=\/wp\/v2\/users\/1"}],"replies":[{"embeddable":true,"href":"https:\/\/www.egemtv.com\/index.php?rest_route=%2Fwp%2Fv2%2Fcomments&post=54696"}],"version-history":[{"count":1,"href":"https:\/\/www.egemtv.com\/index.php?rest_route=\/wp\/v2\/posts\/54696\/revisions"}],"predecessor-version":[{"id":54698,"href":"https:\/\/www.egemtv.com\/index.php?rest_route=\/wp\/v2\/posts\/54696\/revisions\/54698"}],"wp:featuredmedia":[{"embeddable":true,"href":"https:\/\/www.egemtv.com\/index.php?rest_route=\/wp\/v2\/media\/54697"}],"wp:attachment":[{"href":"https:\/\/www.egemtv.com\/index.php?rest_route=%2Fwp%2Fv2%2Fmedia&parent=54696"}],"wp:term":[{"taxonomy":"category","embeddable":true,"href":"https:\/\/www.egemtv.com\/index.php?rest_route=%2Fwp%2Fv2%2Fcategories&post=54696"},{"taxonomy":"post_tag","embeddable":true,"href":"https:\/\/www.egemtv.com\/index.php?rest_route=%2Fwp%2Fv2%2Ftags&post=54696"}],"curies":[{"name":"wp","href":"https:\/\/api.w.org\/{rel}","templated":true}]}}