{"id":54690,"date":"2025-09-13T16:35:59","date_gmt":"2025-09-13T13:35:59","guid":{"rendered":"https:\/\/www.egemtv.com\/?p=54690"},"modified":"2025-09-13T16:36:00","modified_gmt":"2025-09-13T13:36:00","slug":"denizlide-yurda-basvuran-hicbir-ogrenci-acikta-kalmadi","status":"publish","type":"post","link":"https:\/\/www.egemtv.com\/?p=54690","title":{"rendered":"Denizli\u2019de yurda ba\u015fvuran hi\u00e7bir \u00f6\u011frenci a\u00e7\u0131kta kalmad\u0131"},"content":{"rendered":"<p>DEN\u0130ZL\u0130 (\u0130HA) \u2013 Denizli\u2019de e\u011fitimlerine devam edecek \u00f6\u011frencilerden Gen\u00e7lik ve Spor Bakanl\u0131\u011f\u0131\u2019na ba\u011fl\u0131 yurtlarda konaklayacaklar i\u00e7in hafta sonu kay\u0131t heyecan\u0131 ya\u015fan\u0131yor. \u0130ldeki 11 \u00f6\u011frenci yurdunda 12 bin 334 yatak kapasitesiyle hizmet verilece\u011fi, yurtlara ba\u015fvuru yapan hi\u00e7bir \u00f6\u011frencinin a\u00e7\u0131kta kalmad\u0131\u011f\u0131 belirtildi.<\/p>\n<p>2025-2026 y\u00fcksek\u00f6\u011frenim e\u011fitim ve \u00f6\u011fretim y\u0131l\u0131nda Gen\u00e7lik ve Spor Bakanl\u0131\u011f\u0131\u2019na ba\u011fl\u0131 Denizli\u2019de bulunan yurtlarda konaklayacak \u00f6\u011frenciler, aileleriyle birlikte hafta sonu yurtlara gelerek kay\u0131tlar\u0131n\u0131 yapt\u0131r\u0131yor. Yurt yetkilileri taraf\u0131ndan \u00f6\u011frencilerin kalaca\u011f\u0131 yurtlar ile verilecek hizmetler \u00f6\u011frencilere tan\u0131t\u0131l\u0131yor.<\/p>\n<p>T\u00fcrkiye\u2019nin d\u00f6rt bir taraf\u0131ndan gelen \u00f6\u011frencilere y\u00f6nelik kar\u015f\u0131lama standlar\u0131ndan kay\u0131t masalar\u0131na ve odalar\u0131na yerle\u015fene kadar Gen\u00e7lik ve Spor \u0130l M\u00fcd\u00fcrl\u00fc\u011f\u00fc \u00e7al\u0131\u015fanlar\u0131n\u0131n ilgisi ve ikramlar\u0131yla kar\u015f\u0131la\u015fan \u00f6\u011frenciler ve veliler, g\u00f6sterilen ilgiden memnun kald\u0131.<\/p>\n<p>\u00d6\u011frencilerini yurtlara yerle\u015ftiren aileler, g\u00fcn boyunca \u00e7ocuklar\u0131yla yurt bah\u00e7esinde ve sosyal tesislerde zaman ge\u00e7irdi. Heyecan, gurur ve \u00fcz\u00fcnt\u00fc gibi duygular\u0131n birarada ya\u015fand\u0131\u011f\u0131 anlar\u0131n ard\u0131ndan \u00f6\u011frencilerini yurtlara yerle\u015ftiren aileler memleketlerine d\u00f6n\u00fcyor.<\/p>\n<p>Yeni e\u011fitim-\u00f6\u011fretim y\u0131l\u0131n\u0131n ba\u015flamas\u0131yla birlikte yurt hizmetleri anlam\u0131nda 7\/24 \u00f6\u011frencilerin yanlar\u0131nda olacaklar\u0131n\u0131 kaydeden Gen\u00e7lik ve Spor \u0130l M\u00fcd\u00fcr\u00fc S\u00fcleyman Erdo\u011fan, &#8220;Gen\u00e7lerimiz her \u015feyin en iyisine, en g\u00fczeline lay\u0131k. Denizli Gen\u00e7lik ve Spor \u0130l M\u00fcd\u00fcrl\u00fc\u011f\u00fc olarak yurtlar\u0131m\u0131zda sadece bar\u0131nma de\u011fil, sosyal, k\u00fclt\u00fcrel ve sportif anlamda da g\u00fc\u00e7l\u00fc bir altyap\u0131 sunuyoruz. \u00d6\u011frencilerimiz, akademik hayatlar\u0131n\u0131n yan\u0131 s\u0131ra sosyal ve k\u00fclt\u00fcrel y\u00f6nden de kendilerini geli\u015ftirme f\u0131rsat\u0131 buluyor. \u00d6zg\u00fcveni y\u00fcksek ve donan\u0131ml\u0131 bireyler olarak yeti\u015fecek gen\u00e7lerimizin \u00fclkemizin gelece\u011fine en iyi \u015fekilde haz\u0131rlanmas\u0131n\u0131 ama\u00e7l\u0131yoruz&#8221; dedi.<br \/><\/p>\n","protected":false},"excerpt":{"rendered":"<p>DEN\u0130ZL\u0130 (\u0130HA) \u2013 Denizli\u2019de e\u011fitimlerine devam edecek \u00f6\u011frencilerden Gen\u00e7lik ve Spor Bakanl\u0131\u011f\u0131\u2019na ba\u011fl\u0131 yurtlarda konaklayacaklar i\u00e7in hafta sonu kay\u0131t heyecan\u0131 ya\u015fan\u0131yor. \u0130ldeki 11 \u00f6\u011frenci yurdunda 12 bin 334 yatak kapasitesiyle hizmet verilece\u011fi, yurtlara ba\u015fvuru yapan hi\u00e7bir \u00f6\u011frencinin a\u00e7\u0131kta kalmad\u0131\u011f\u0131 belirtildi. 2025-2026 y\u00fcksek\u00f6\u011frenim e\u011fitim ve \u00f6\u011fretim y\u0131l\u0131nda Gen\u00e7lik ve Spor Bakanl\u0131\u011f\u0131\u2019na ba\u011fl\u0131 Denizli\u2019de bulunan yurtlarda konaklayacak&#8230;<\/p>\n","protected":false},"author":1,"featured_media":54691,"comment_status":"open","ping_status":"open","sticky":false,"template":"","format":"standard","meta":{"_crdt_document":"","footnotes":""},"categories":[1],"tags":[],"class_list":["post-54690","post","type-post","status-publish","format-standard","has-post-thumbnail","hentry","category-guncel"],"_links":{"self":[{"href":"https:\/\/www.egemtv.com\/index.php?rest_route=\/wp\/v2\/posts\/54690","targetHints":{"allow":["GET"]}}],"collection":[{"href":"https:\/\/www.egemtv.com\/index.php?rest_route=\/wp\/v2\/posts"}],"about":[{"href":"https:\/\/www.egemtv.com\/index.php?rest_route=\/wp\/v2\/types\/post"}],"author":[{"embeddable":true,"href":"https:\/\/www.egemtv.com\/index.php?rest_route=\/wp\/v2\/users\/1"}],"replies":[{"embeddable":true,"href":"https:\/\/www.egemtv.com\/index.php?rest_route=%2Fwp%2Fv2%2Fcomments&post=54690"}],"version-history":[{"count":1,"href":"https:\/\/www.egemtv.com\/index.php?rest_route=\/wp\/v2\/posts\/54690\/revisions"}],"predecessor-version":[{"id":54692,"href":"https:\/\/www.egemtv.com\/index.php?rest_route=\/wp\/v2\/posts\/54690\/revisions\/54692"}],"wp:featuredmedia":[{"embeddable":true,"href":"https:\/\/www.egemtv.com\/index.php?rest_route=\/wp\/v2\/media\/54691"}],"wp:attachment":[{"href":"https:\/\/www.egemtv.com\/index.php?rest_route=%2Fwp%2Fv2%2Fmedia&parent=54690"}],"wp:term":[{"taxonomy":"category","embeddable":true,"href":"https:\/\/www.egemtv.com\/index.php?rest_route=%2Fwp%2Fv2%2Fcategories&post=54690"},{"taxonomy":"post_tag","embeddable":true,"href":"https:\/\/www.egemtv.com\/index.php?rest_route=%2Fwp%2Fv2%2Ftags&post=54690"}],"curies":[{"name":"wp","href":"https:\/\/api.w.org\/{rel}","templated":true}]}}