{"id":54687,"date":"2025-09-13T16:15:45","date_gmt":"2025-09-13T13:15:45","guid":{"rendered":"https:\/\/www.egemtv.com\/?p=54687"},"modified":"2025-09-13T16:15:46","modified_gmt":"2025-09-13T13:15:46","slug":"usak-universitesi-yeni-kayit-yaptiran-ogrencilerini-otogarda-karsiladi","status":"publish","type":"post","link":"https:\/\/www.egemtv.com\/?p=54687","title":{"rendered":"U\u015fak \u00dcniversitesi yeni kay\u0131t yapt\u0131ran \u00f6\u011frencilerini otogarda kar\u015f\u0131lad\u0131"},"content":{"rendered":"<p>U\u015fak \u00dcniversitesi her y\u0131l geleneksel hale getirdi\u011fi \u00f6\u011frenci kar\u015f\u0131lama t\u00f6renini bu y\u0131l da ger\u00e7ekle\u015ftirdi. \u00dcniversiteye yeni kay\u0131t yapt\u0131ran \u00f6\u011frenciler U\u015fak \u015eehirleraras\u0131 Otob\u00fcs Terminali\u2019nde kar\u015f\u0131land\u0131.<\/p>\n<p>Kar\u015f\u0131lama t\u00f6renine U\u015fak \u00dcniversitesi Rekt\u00f6r Yard\u0131mc\u0131s\u0131 Prof. Dr. Kenan Ta\u015f, Prof. Dr. L\u00fctfi \u00d6zav, Prof. Dr. Osman Birgin, Genel Sekreter B\u00fclent \u015eahin, Kurumsal \u0130leti\u015fim Koordinat\u00f6r\u00fc Do\u00e7. Dr. \u00d6zlem Du\u011fan ile Sa\u011fl\u0131k K\u00fclt\u00fcr ve Spor Daire Ba\u015fkan\u0131 G\u00fclay \u00c7elik ve SKS personelleri kat\u0131ld\u0131.<\/p>\n<p>U\u015fak \u00dcniversitesi \u00fcst y\u00f6neticileri, \u00f6\u011frencilere &#8220;ho\u015f geldiniz&#8221; diyerek \u00fcniversite ailesine kat\u0131lmalar\u0131ndan dolay\u0131 onlar\u0131 tebrik ettiler. \u00d6\u011frencilerin aileleri ile sohbet eden \u00dcniversite Y\u00f6netimi, \u00f6\u011frencilerin art\u0131k kendilerine emanet olduklar\u0131n\u0131 dile getirdiler.<\/p>\n<p>\u00dcniversitenin \u00fcst y\u00f6neticileri, U\u015fak\u2019\u0131n \u00f6\u011frenciler i\u00e7in g\u00fcvenli ve huzurlu bir kent oldu\u011funu belirterek, &#8220;T\u00fcrkiye\u2019nin bir\u00e7ok ilinden U\u015fak\u2019a \u00fcniversite okumak i\u00e7in \u00f6\u011frenciler gelmektedir. Sizler art\u0131k bize emanetsiniz. U\u015fak \u00dcniversitesi; \u00f6\u011frenci odakl\u0131 ba\u015far\u0131l\u0131 \u00e7al\u0131\u015fmalar\u0131yla, kalitesini tescillemi\u015f, uluslararas\u0131 s\u0131ralamalarda yerini alm\u0131\u015f bir \u00fcniversitedir. \u00d6\u011frenim hayat\u0131n\u0131zda ba\u015far\u0131lar diliyoruz, \u00fcniversitemize ho\u015f geldiniz.&#8221; Dediler.<br \/>\n<br \/>U\u015fak \u00dcniversitesi Sa\u011fl\u0131k K\u00fclt\u00fcr ve Spor Daire Ba\u015fkanl\u0131\u011f\u0131 &#8220;2025-2026 E\u011fitim-\u00d6\u011fretim Y\u0131l\u0131 Oryantasyon Program\u0131&#8221; ile \u00fcniversiteye yeni gelen \u00f6\u011frencilerin uyum s\u00fcre\u00e7lerini kolayla\u015ft\u0131rmay\u0131 ve \u00fcniversiteyi tan\u0131tmay\u0131 ama\u00e7l\u0131yor.<\/p>\n<p>13 Eyl\u00fcl\u2019de ba\u015flayan ve 2 g\u00fcn s\u00fcrecek kar\u015f\u0131lama t\u00f6reninin ard\u0131ndan 15 Eyl\u00fcl 2025 tarihinde Bir Eyl\u00fcl Yerle\u015fkesi giri\u015finde kamp\u00fcste kar\u015f\u0131lama ve kamp\u00fcs tan\u0131t\u0131m gezileri yap\u0131lacak. 16 Eyl\u00fcl 2025 tarihinde Recep Tayyip Erdo\u011fan Kongre ve K\u00fclt\u00fcr Merkezi\u2019nde Rekt\u00f6r Prof. Dr. Ekrem Sava\u015f\u2019\u0131n kat\u0131laca\u011f\u0131 &#8220;Rekt\u00f6r-\u00d6\u011frenci Bulu\u015fmas\u0131&#8221; yap\u0131lacak. Ayn\u0131 g\u00fcn \u00f6\u011frenci topluluklar\u0131 stant a\u00e7arak yeni \u00fcyeleriyle tan\u0131\u015facak. 17 Eyl\u00fcl 2025 tarihinde \u00fcniversitemize yeni kay\u0131t yapt\u0131ran \u00f6\u011frencilere Mustafa Kemal Pa\u015fa Amfisi\u2019nde &#8220;Ba\u011f\u0131ml\u0131l\u0131kla M\u00fccadele&#8221; konulu e\u011fitim verilecek.<br \/>\n<br \/>\u00d6te yandan, kar\u015f\u0131lamada \u00fcniversitenin yan\u0131 s\u0131ra U\u015fak Emniyet M\u00fcd\u00fcrl\u00fc\u011f\u00fc ile U\u015fak Gen\u00e7lik ve Spor \u0130l M\u00fcd\u00fcrl\u00fc\u011f\u00fc de stand a\u00e7arak \u00f6\u011frencileri kar\u015f\u0131lama t\u00f6reninde yer ald\u0131.<br \/><\/p>\n","protected":false},"excerpt":{"rendered":"<p>U\u015fak \u00dcniversitesi her y\u0131l geleneksel hale getirdi\u011fi \u00f6\u011frenci kar\u015f\u0131lama t\u00f6renini bu y\u0131l da ger\u00e7ekle\u015ftirdi. \u00dcniversiteye yeni kay\u0131t yapt\u0131ran \u00f6\u011frenciler U\u015fak \u015eehirleraras\u0131 Otob\u00fcs Terminali\u2019nde kar\u015f\u0131land\u0131. Kar\u015f\u0131lama t\u00f6renine U\u015fak \u00dcniversitesi Rekt\u00f6r Yard\u0131mc\u0131s\u0131 Prof. Dr. Kenan Ta\u015f, Prof. Dr. L\u00fctfi \u00d6zav, Prof. Dr. Osman Birgin, Genel Sekreter B\u00fclent \u015eahin, Kurumsal \u0130leti\u015fim Koordinat\u00f6r\u00fc Do\u00e7. Dr. \u00d6zlem Du\u011fan ile Sa\u011fl\u0131k&#8230;<\/p>\n","protected":false},"author":1,"featured_media":54688,"comment_status":"open","ping_status":"open","sticky":false,"template":"","format":"standard","meta":{"_crdt_document":"","footnotes":""},"categories":[1],"tags":[],"class_list":["post-54687","post","type-post","status-publish","format-standard","has-post-thumbnail","hentry","category-guncel"],"_links":{"self":[{"href":"https:\/\/www.egemtv.com\/index.php?rest_route=\/wp\/v2\/posts\/54687","targetHints":{"allow":["GET"]}}],"collection":[{"href":"https:\/\/www.egemtv.com\/index.php?rest_route=\/wp\/v2\/posts"}],"about":[{"href":"https:\/\/www.egemtv.com\/index.php?rest_route=\/wp\/v2\/types\/post"}],"author":[{"embeddable":true,"href":"https:\/\/www.egemtv.com\/index.php?rest_route=\/wp\/v2\/users\/1"}],"replies":[{"embeddable":true,"href":"https:\/\/www.egemtv.com\/index.php?rest_route=%2Fwp%2Fv2%2Fcomments&post=54687"}],"version-history":[{"count":1,"href":"https:\/\/www.egemtv.com\/index.php?rest_route=\/wp\/v2\/posts\/54687\/revisions"}],"predecessor-version":[{"id":54689,"href":"https:\/\/www.egemtv.com\/index.php?rest_route=\/wp\/v2\/posts\/54687\/revisions\/54689"}],"wp:featuredmedia":[{"embeddable":true,"href":"https:\/\/www.egemtv.com\/index.php?rest_route=\/wp\/v2\/media\/54688"}],"wp:attachment":[{"href":"https:\/\/www.egemtv.com\/index.php?rest_route=%2Fwp%2Fv2%2Fmedia&parent=54687"}],"wp:term":[{"taxonomy":"category","embeddable":true,"href":"https:\/\/www.egemtv.com\/index.php?rest_route=%2Fwp%2Fv2%2Fcategories&post=54687"},{"taxonomy":"post_tag","embeddable":true,"href":"https:\/\/www.egemtv.com\/index.php?rest_route=%2Fwp%2Fv2%2Ftags&post=54687"}],"curies":[{"name":"wp","href":"https:\/\/api.w.org\/{rel}","templated":true}]}}