{"id":54684,"date":"2025-09-13T16:15:45","date_gmt":"2025-09-13T13:15:45","guid":{"rendered":"https:\/\/www.egemtv.com\/?p=54684"},"modified":"2025-09-13T16:15:45","modified_gmt":"2025-09-13T13:15:45","slug":"gocuk-altindaki-ikinci-madenci-de-kurtarildi","status":"publish","type":"post","link":"https:\/\/www.egemtv.com\/?p=54684","title":{"rendered":"G\u00f6\u00e7\u00fck alt\u0131ndaki ikinci madenci de kurtar\u0131ld\u0131"},"content":{"rendered":"<p>Denizli\u2019nin Ac\u0131payam il\u00e7esinde d\u00fcn \u00f6\u011fle saatlerinde bir krom madeninde meydana gelen g\u00f6\u00e7\u00fckte mahsur kalan ikinci madenci de sa\u011f olarak kurtar\u0131ld\u0131.<\/p>\n<p>Denizli\u2019nin Ac\u0131payam il\u00e7esine ba\u011fl\u0131 Karaismailler Mahallesi\u2019nde faaliyet g\u00f6steren Kromta\u015f Metal Maden A.\u015e.\u2019ye ait Karanfil Ocakta d\u00fcn saat 15.30 saatlerinde g\u00f6\u00e7\u00fck meydana geldi. Maden oca\u011f\u0131n\u0131n giri\u015finden 20 metre ilerideki mesafede hen\u00fcz belirlenemeyen bir nedenle meydana gelen g\u00f6\u00e7\u00fckte, Beya\u011fa\u00e7l\u0131 H\u00fcseyin Turan ve madenin bulundu\u011fu k\u00f6yde ikamet eden \u00d6mer Duran mahsur kald\u0131.<\/p>\n<p>Krom madenindeki g\u00f6\u00e7\u00fckte mahsur kalmalar\u0131n\u0131n ard\u0131ndan hem g\u00f6z hem de sesli temas sa\u011flanan i\u015f\u00e7ilerin kurtar\u0131lmas\u0131 i\u00e7in AFAD, UMKE, jandarma, sa\u011fl\u0131k ve itfaiye ekiplerinin yan\u0131 s\u0131ra madencilerin kat\u0131l\u0131yla arama kurtarma \u00e7al\u0131\u015fmas\u0131 ba\u015flat\u0131ld\u0131. Maden oca\u011f\u0131nda devam eden toprak kaymalar\u0131 nedeniyle g\u00fc\u00e7l\u00fckle y\u00fcr\u00fct\u00fclen \u00e7al\u0131\u015fmalar\u0131n 24\u2019\u00fcnc\u00fc saatinde i\u00e7\u00e7ilerden \u00d6mer Duran sa\u011f olarak g\u00f6\u00e7\u00fck alt\u0131ndan kurtar\u0131ld\u0131.<\/p>\n<p>\u0130lk m\u00fcdahalesi olay yerinde yap\u0131lan madenci, ambulansla hastaneye kald\u0131r\u0131larak tedavi alt\u0131na al\u0131nd\u0131. G\u00f6\u00e7\u00fck s\u0131ras\u0131nda aya\u011f\u0131n\u0131n \u00fczerine devrilen kaya par\u00e7as\u0131n\u0131n alt\u0131nda s\u0131k\u0131\u015fan \u00d6mer Duran\u2019\u0131n kurtar\u0131lmas\u0131ndan 1 saat sonra ise beline kadar topra\u011fa g\u00f6m\u00fclen H\u00fcseyin Turan da sa\u011f olarak krom madeninden \u00e7\u0131kar\u0131ld\u0131. Alk\u0131\u015flarla kar\u015f\u0131lanan madencinin, saatlerdir m\u00fcjdeli haberi bekleyen babas\u0131 ve ailesi g\u00f6zya\u015flar\u0131na hakim olmad\u0131. G\u00f6\u00e7\u00fck alt\u0131na kalan ikinci madenci de ambulansla hastaneye kald\u0131r\u0131larak tedavi alt\u0131na al\u0131nd\u0131.<br \/><\/p>\n","protected":false},"excerpt":{"rendered":"<p>Denizli\u2019nin Ac\u0131payam il\u00e7esinde d\u00fcn \u00f6\u011fle saatlerinde bir krom madeninde meydana gelen g\u00f6\u00e7\u00fckte mahsur kalan ikinci madenci de sa\u011f olarak kurtar\u0131ld\u0131. Denizli\u2019nin Ac\u0131payam il\u00e7esine ba\u011fl\u0131 Karaismailler Mahallesi\u2019nde faaliyet g\u00f6steren Kromta\u015f Metal Maden A.\u015e.\u2019ye ait Karanfil Ocakta d\u00fcn saat 15.30 saatlerinde g\u00f6\u00e7\u00fck meydana geldi. Maden oca\u011f\u0131n\u0131n giri\u015finden 20 metre ilerideki mesafede hen\u00fcz belirlenemeyen bir nedenle meydana gelen&#8230;<\/p>\n","protected":false},"author":1,"featured_media":54685,"comment_status":"open","ping_status":"open","sticky":false,"template":"","format":"standard","meta":{"_crdt_document":"","footnotes":""},"categories":[5],"tags":[],"class_list":["post-54684","post","type-post","status-publish","format-standard","has-post-thumbnail","hentry","category-asayis"],"_links":{"self":[{"href":"https:\/\/www.egemtv.com\/index.php?rest_route=\/wp\/v2\/posts\/54684","targetHints":{"allow":["GET"]}}],"collection":[{"href":"https:\/\/www.egemtv.com\/index.php?rest_route=\/wp\/v2\/posts"}],"about":[{"href":"https:\/\/www.egemtv.com\/index.php?rest_route=\/wp\/v2\/types\/post"}],"author":[{"embeddable":true,"href":"https:\/\/www.egemtv.com\/index.php?rest_route=\/wp\/v2\/users\/1"}],"replies":[{"embeddable":true,"href":"https:\/\/www.egemtv.com\/index.php?rest_route=%2Fwp%2Fv2%2Fcomments&post=54684"}],"version-history":[{"count":1,"href":"https:\/\/www.egemtv.com\/index.php?rest_route=\/wp\/v2\/posts\/54684\/revisions"}],"predecessor-version":[{"id":54686,"href":"https:\/\/www.egemtv.com\/index.php?rest_route=\/wp\/v2\/posts\/54684\/revisions\/54686"}],"wp:featuredmedia":[{"embeddable":true,"href":"https:\/\/www.egemtv.com\/index.php?rest_route=\/wp\/v2\/media\/54685"}],"wp:attachment":[{"href":"https:\/\/www.egemtv.com\/index.php?rest_route=%2Fwp%2Fv2%2Fmedia&parent=54684"}],"wp:term":[{"taxonomy":"category","embeddable":true,"href":"https:\/\/www.egemtv.com\/index.php?rest_route=%2Fwp%2Fv2%2Fcategories&post=54684"},{"taxonomy":"post_tag","embeddable":true,"href":"https:\/\/www.egemtv.com\/index.php?rest_route=%2Fwp%2Fv2%2Ftags&post=54684"}],"curies":[{"name":"wp","href":"https:\/\/api.w.org\/{rel}","templated":true}]}}