{"id":54672,"date":"2025-09-13T16:15:42","date_gmt":"2025-09-13T13:15:42","guid":{"rendered":"https:\/\/www.egemtv.com\/?p=54672"},"modified":"2025-09-13T16:15:42","modified_gmt":"2025-09-13T13:15:42","slug":"demirci-halilari-cin-ve-amerika-pazarina-girdi","status":"publish","type":"post","link":"https:\/\/www.egemtv.com\/?p=54672","title":{"rendered":"Demirci hal\u0131lar\u0131 \u00c7in ve Amerika pazar\u0131na girdi"},"content":{"rendered":"<p>Cami ve el dokuma hal\u0131c\u0131l\u0131\u011f\u0131nda T\u00fcrkiye\u2019de \u00f6nemli bir merkez olan Manisa\u2019n\u0131n Demirci il\u00e7esinde geleneksel Sel\u00e7uklu, Osmanl\u0131 ve T\u00fcrk motifleri ile \u00f6zenle dokunan hal\u0131lar ihra\u00e7 ediliyor.<br \/>\n<br \/>Y\u00fczde y\u00fcz cami hal\u0131c\u0131l\u0131\u011f\u0131n\u0131n yan\u0131nda son y\u0131llarda ev hal\u0131lar\u0131nda da yurtd\u0131\u015f\u0131 pazar\u0131na a\u00e7\u0131lan Demirci\u2019de 4 metrekareden 20 metrekare b\u00fcy\u00fckl\u00fc\u011f\u00fcne kadar \u00e7e\u015fitli ebat ve desenlerde hal\u0131lar \u00fcretiliyor. El dokuma hal\u0131c\u0131l\u0131\u011f\u0131 il\u00e7ede s\u00fcrd\u00fcr\u00fcl\u00fcrken el dokuma g\u00f6r\u00fcn\u00fcml\u00fc makine hal\u0131c\u0131l\u0131\u011f\u0131 ile de \u00fcretim kapasitesi art\u0131yor. Y\u00fcn\u00fcn i\u015flenmesi ve ipli\u011fe d\u00f6n\u00fc\u015fmesi ile ba\u015flayan hal\u0131 desen ve renklerle makinelerde dokunuyor.<br \/>\n<br \/>Dokunan hal\u0131 daha sonra hata kontrol\u00fc, y\u0131kama, temizlik, overlok ve paketleme yap\u0131ld\u0131ktan sonra yurt d\u0131\u015f\u0131na g\u00f6nderilmek \u00fczere haz\u0131r hale getiriliyor.<br \/>\n<br \/>\u00c7in ve Amerika\u2019ya hal\u0131 ihracat\u0131 yapan hal\u0131 \u00fcreticisi \u0130brahim Akarsu, &#8220;Firmam\u0131z uzak do\u011fu pazar\u0131na \u00c7in \u015eangay\u2019da d\u00fczenlenen domoteks fuar\u0131na kat\u0131larak yeni bir pazar elde etmi\u015ftir. Uzak do\u011fu pazar\u0131na geleneksel T\u00fcrk motiflerine sad\u0131k kalarak \u00fcretim yapmaktad\u0131r. Uzak do\u011fu pazar\u0131n\u0131n talebi olan y\u00fcksek havl\u0131 \u00fcr\u00fcnler \u00fcretilmektedir. Bu durum Amerika pazar\u0131nda ise farkl\u0131l\u0131k g\u00f6stermektedir. \u00c7in pazar\u0131nda y\u00fcnde daha gramajl\u0131 \u00fcr\u00fcnler tercih edilmekte. Amerika pazar\u0131 ise daha soluk renklere talip olmakta. A\u011fa\u00e7 lifli \u00fcr\u00fcnler ile y\u00fcn\u00fc birle\u015ftirerek farkl\u0131 bir \u00fcr\u00fcn yelpazesi olu\u015fturduk. Uluslararas\u0131 pazarda etkili olurken, Demirci\u2019de \u00fcretilen Sel\u00e7uklu, Osmanl\u0131 ve T\u00fcrk motifli hal\u0131lar\u0131m\u0131z\u0131 uzak do\u011fu pazar\u0131na ihra\u00e7 etmekteyiz&#8221; dedi.<\/p>\n<p>\u0130klime g\u00f6re y\u00fcksek havl\u0131 hal\u0131lar \u00fcretiliyor<br \/>\n<br \/>Demirci\u2019de farkl\u0131 ebat ve y\u00fcksek y\u00fcnl\u00fc hal\u0131lar\u0131n \u00fcretildi\u011fini ifade eden \u0130brahim Akarsu, &#8220;So\u011fuk iklimlerdeki m\u00fc\u015fterilerimiz genellikle y\u00fcksek havl\u0131 hal\u0131lar\u0131 tercih ediyor. S\u0131cak iklimlere sahip \u00fclkelerdeki m\u00fc\u015fterilerimiz ise d\u00fc\u015f\u00fck havl\u0131 y\u00fcn hal\u0131lar\u0131 tercih etmektedir. Son y\u0131llarda \u00c7in ba\u015fta olmak \u00fczere uzak do\u011fu pazar\u0131 ve Amerika\u2019ya geleneksel T\u00fcrk motifli hal\u0131lar ra\u011fbet g\u00f6rmektedir&#8221; dedi.<br \/><\/p>\n","protected":false},"excerpt":{"rendered":"<p>Cami ve el dokuma hal\u0131c\u0131l\u0131\u011f\u0131nda T\u00fcrkiye\u2019de \u00f6nemli bir merkez olan Manisa\u2019n\u0131n Demirci il\u00e7esinde geleneksel Sel\u00e7uklu, Osmanl\u0131 ve T\u00fcrk motifleri ile \u00f6zenle dokunan hal\u0131lar ihra\u00e7 ediliyor. Y\u00fczde y\u00fcz cami hal\u0131c\u0131l\u0131\u011f\u0131n\u0131n yan\u0131nda son y\u0131llarda ev hal\u0131lar\u0131nda da yurtd\u0131\u015f\u0131 pazar\u0131na a\u00e7\u0131lan Demirci\u2019de 4 metrekareden 20 metrekare b\u00fcy\u00fckl\u00fc\u011f\u00fcne kadar \u00e7e\u015fitli ebat ve desenlerde hal\u0131lar \u00fcretiliyor. El dokuma hal\u0131c\u0131l\u0131\u011f\u0131 il\u00e7ede&#8230;<\/p>\n","protected":false},"author":1,"featured_media":54673,"comment_status":"open","ping_status":"open","sticky":false,"template":"","format":"standard","meta":{"_crdt_document":"","footnotes":""},"categories":[125],"tags":[],"class_list":["post-54672","post","type-post","status-publish","format-standard","has-post-thumbnail","hentry","category-ekonomi"],"_links":{"self":[{"href":"https:\/\/www.egemtv.com\/index.php?rest_route=\/wp\/v2\/posts\/54672","targetHints":{"allow":["GET"]}}],"collection":[{"href":"https:\/\/www.egemtv.com\/index.php?rest_route=\/wp\/v2\/posts"}],"about":[{"href":"https:\/\/www.egemtv.com\/index.php?rest_route=\/wp\/v2\/types\/post"}],"author":[{"embeddable":true,"href":"https:\/\/www.egemtv.com\/index.php?rest_route=\/wp\/v2\/users\/1"}],"replies":[{"embeddable":true,"href":"https:\/\/www.egemtv.com\/index.php?rest_route=%2Fwp%2Fv2%2Fcomments&post=54672"}],"version-history":[{"count":1,"href":"https:\/\/www.egemtv.com\/index.php?rest_route=\/wp\/v2\/posts\/54672\/revisions"}],"predecessor-version":[{"id":54674,"href":"https:\/\/www.egemtv.com\/index.php?rest_route=\/wp\/v2\/posts\/54672\/revisions\/54674"}],"wp:featuredmedia":[{"embeddable":true,"href":"https:\/\/www.egemtv.com\/index.php?rest_route=\/wp\/v2\/media\/54673"}],"wp:attachment":[{"href":"https:\/\/www.egemtv.com\/index.php?rest_route=%2Fwp%2Fv2%2Fmedia&parent=54672"}],"wp:term":[{"taxonomy":"category","embeddable":true,"href":"https:\/\/www.egemtv.com\/index.php?rest_route=%2Fwp%2Fv2%2Fcategories&post=54672"},{"taxonomy":"post_tag","embeddable":true,"href":"https:\/\/www.egemtv.com\/index.php?rest_route=%2Fwp%2Fv2%2Ftags&post=54672"}],"curies":[{"name":"wp","href":"https:\/\/api.w.org\/{rel}","templated":true}]}}