{"id":54666,"date":"2025-09-13T15:54:54","date_gmt":"2025-09-13T12:54:54","guid":{"rendered":"https:\/\/www.egemtv.com\/?p=54666"},"modified":"2025-09-13T15:54:56","modified_gmt":"2025-09-13T12:54:56","slug":"mentesedeki-yangin-kisa-surede-sonduruldu","status":"publish","type":"post","link":"https:\/\/www.egemtv.com\/?p=54666","title":{"rendered":"Mente\u015fe\u2019deki yang\u0131n k\u0131sa s\u00fcrede s\u00f6nd\u00fcr\u00fcld\u00fc"},"content":{"rendered":"<p>Mu\u011fla\u2019n\u0131n Mente\u015fe il\u00e7esinde trafoda ba\u015flayan ve ormanl\u0131k alana s\u0131\u00e7rayan yang\u0131n ekiplerin zaman\u0131nda m\u00fcdahalesi ile s\u00f6nd\u00fcr\u00fcld\u00fc.<br \/>\n<br \/>Edinilen bilgiye g\u00f6re Mente\u015fe Bay\u0131r Mahallesi \u00fcst b\u00f6l\u00fcm\u00fcndeki bir trafoda ba\u015flayan yang\u0131n sonras\u0131 b\u00f6lgeye orman ve itfaiye ekipleri sevk edildi. Trafoda ba\u015flad\u0131\u011f\u0131 \u00f6\u011frenilen yang\u0131n ormana s\u0131\u00e7rad\u0131. Ekiplerin zaman\u0131nda m\u00fcdahalesi ele alevler kontrol alt\u0131na al\u0131nd\u0131.<br \/>\n<br \/>B\u00f6lgede ekiplerin so\u011futma \u00e7al\u0131\u015fmas\u0131 devam ediyor.<br \/><\/p>\n","protected":false},"excerpt":{"rendered":"<p>Mu\u011fla\u2019n\u0131n Mente\u015fe il\u00e7esinde trafoda ba\u015flayan ve ormanl\u0131k alana s\u0131\u00e7rayan yang\u0131n ekiplerin zaman\u0131nda m\u00fcdahalesi ile s\u00f6nd\u00fcr\u00fcld\u00fc. Edinilen bilgiye g\u00f6re Mente\u015fe Bay\u0131r Mahallesi \u00fcst b\u00f6l\u00fcm\u00fcndeki bir trafoda ba\u015flayan yang\u0131n sonras\u0131 b\u00f6lgeye orman ve itfaiye ekipleri sevk edildi. Trafoda ba\u015flad\u0131\u011f\u0131 \u00f6\u011frenilen yang\u0131n ormana s\u0131\u00e7rad\u0131. Ekiplerin zaman\u0131nda m\u00fcdahalesi ele alevler kontrol alt\u0131na al\u0131nd\u0131. B\u00f6lgede ekiplerin so\u011futma \u00e7al\u0131\u015fmas\u0131 devam ediyor.<\/p>\n","protected":false},"author":1,"featured_media":54667,"comment_status":"open","ping_status":"open","sticky":false,"template":"","format":"standard","meta":{"_crdt_document":"","footnotes":""},"categories":[5],"tags":[],"class_list":["post-54666","post","type-post","status-publish","format-standard","has-post-thumbnail","hentry","category-asayis"],"_links":{"self":[{"href":"https:\/\/www.egemtv.com\/index.php?rest_route=\/wp\/v2\/posts\/54666","targetHints":{"allow":["GET"]}}],"collection":[{"href":"https:\/\/www.egemtv.com\/index.php?rest_route=\/wp\/v2\/posts"}],"about":[{"href":"https:\/\/www.egemtv.com\/index.php?rest_route=\/wp\/v2\/types\/post"}],"author":[{"embeddable":true,"href":"https:\/\/www.egemtv.com\/index.php?rest_route=\/wp\/v2\/users\/1"}],"replies":[{"embeddable":true,"href":"https:\/\/www.egemtv.com\/index.php?rest_route=%2Fwp%2Fv2%2Fcomments&post=54666"}],"version-history":[{"count":1,"href":"https:\/\/www.egemtv.com\/index.php?rest_route=\/wp\/v2\/posts\/54666\/revisions"}],"predecessor-version":[{"id":54668,"href":"https:\/\/www.egemtv.com\/index.php?rest_route=\/wp\/v2\/posts\/54666\/revisions\/54668"}],"wp:featuredmedia":[{"embeddable":true,"href":"https:\/\/www.egemtv.com\/index.php?rest_route=\/wp\/v2\/media\/54667"}],"wp:attachment":[{"href":"https:\/\/www.egemtv.com\/index.php?rest_route=%2Fwp%2Fv2%2Fmedia&parent=54666"}],"wp:term":[{"taxonomy":"category","embeddable":true,"href":"https:\/\/www.egemtv.com\/index.php?rest_route=%2Fwp%2Fv2%2Fcategories&post=54666"},{"taxonomy":"post_tag","embeddable":true,"href":"https:\/\/www.egemtv.com\/index.php?rest_route=%2Fwp%2Fv2%2Ftags&post=54666"}],"curies":[{"name":"wp","href":"https:\/\/api.w.org\/{rel}","templated":true}]}}