{"id":54663,"date":"2025-09-13T15:54:54","date_gmt":"2025-09-13T12:54:54","guid":{"rendered":"https:\/\/www.egemtv.com\/?p=54663"},"modified":"2025-09-13T15:54:54","modified_gmt":"2025-09-13T12:54:54","slug":"gocuk-altindaki-madencilerden-birisi-kurtarildi","status":"publish","type":"post","link":"https:\/\/www.egemtv.com\/?p=54663","title":{"rendered":"G\u00f6\u00e7\u00fck alt\u0131ndaki madencilerden birisi kurtar\u0131ld\u0131"},"content":{"rendered":"<p>Denizli\u2019nin Ac\u0131payam il\u00e7esinde d\u00fcn \u00f6\u011fle saatlerinde bir krom madeninde meydana gelen g\u00f6\u00e7\u00fckte mahsur kalan iki i\u015f\u00e7iden birisi kurtar\u0131ld\u0131.<br \/>\n<br \/>Denizli\u2019nin Ac\u0131payam il\u00e7esine ba\u011fl\u0131 Karaismailler Mahallesi\u2019nde faaliyet g\u00f6steren Kromta\u015f Metal Maden A.\u015e.\u2019ye ait Karanfil Ocakta d\u00fcn saat 15.30 saatlerinde g\u00f6\u00e7\u00fck meydana geldi. Maden oca\u011f\u0131n\u0131n giri\u015finden 20 metre ilerideki mesafede hen\u00fcz belirlenemeyen bir nedenle meydana gelen g\u00f6\u00e7\u00fckte, Beya\u011fa\u00e7l\u0131 H\u00fcseyin Turan ve madenin bulundu\u011fu k\u00f6yde ikamet eden \u00d6mer Duran mahsur kald\u0131.<br \/>\n<br \/>Krom madenindeki g\u00f6\u00e7\u00fckte mahsur kalmalar\u0131n\u0131n ard\u0131ndan hem g\u00f6z hem de sesli temas sa\u011flanan i\u015f\u00e7ilerin kurtar\u0131lmas\u0131 i\u00e7in AFAD, UMKE, jandarma, sa\u011fl\u0131k ve itfaiye ekiplerinin yan\u0131 s\u0131ra madencilerin kat\u0131l\u0131yla arama kurtarma \u00e7al\u0131\u015fmas\u0131 ba\u015flat\u0131ld\u0131. Maden oca\u011f\u0131nda devam eden toprak kaymalar\u0131 nedeniyle g\u00fc\u00e7l\u00fckle y\u00fcr\u00fct\u00fclen \u00e7al\u0131\u015fmalar\u0131n 24\u2019\u00fcnc\u00fc saatinde i\u00e7\u00e7ilerden \u00d6mer Duran sa\u011f olarak g\u00f6\u00e7\u00fck alt\u0131ndan kurtar\u0131ld\u0131. \u0130lk m\u00fcdahalesi olay yerinde yap\u0131lan madenci, ambulansla hastaneye kald\u0131r\u0131larak tedavi alt\u0131na al\u0131nd\u0131.<br \/><\/p>\n","protected":false},"excerpt":{"rendered":"<p>Denizli\u2019nin Ac\u0131payam il\u00e7esinde d\u00fcn \u00f6\u011fle saatlerinde bir krom madeninde meydana gelen g\u00f6\u00e7\u00fckte mahsur kalan iki i\u015f\u00e7iden birisi kurtar\u0131ld\u0131. Denizli\u2019nin Ac\u0131payam il\u00e7esine ba\u011fl\u0131 Karaismailler Mahallesi\u2019nde faaliyet g\u00f6steren Kromta\u015f Metal Maden A.\u015e.\u2019ye ait Karanfil Ocakta d\u00fcn saat 15.30 saatlerinde g\u00f6\u00e7\u00fck meydana geldi. Maden oca\u011f\u0131n\u0131n giri\u015finden 20 metre ilerideki mesafede hen\u00fcz belirlenemeyen bir nedenle meydana gelen g\u00f6\u00e7\u00fckte, Beya\u011fa\u00e7l\u0131&#8230;<\/p>\n","protected":false},"author":1,"featured_media":54664,"comment_status":"open","ping_status":"open","sticky":false,"template":"","format":"standard","meta":{"_crdt_document":"","footnotes":""},"categories":[5],"tags":[],"class_list":["post-54663","post","type-post","status-publish","format-standard","has-post-thumbnail","hentry","category-asayis"],"_links":{"self":[{"href":"https:\/\/www.egemtv.com\/index.php?rest_route=\/wp\/v2\/posts\/54663","targetHints":{"allow":["GET"]}}],"collection":[{"href":"https:\/\/www.egemtv.com\/index.php?rest_route=\/wp\/v2\/posts"}],"about":[{"href":"https:\/\/www.egemtv.com\/index.php?rest_route=\/wp\/v2\/types\/post"}],"author":[{"embeddable":true,"href":"https:\/\/www.egemtv.com\/index.php?rest_route=\/wp\/v2\/users\/1"}],"replies":[{"embeddable":true,"href":"https:\/\/www.egemtv.com\/index.php?rest_route=%2Fwp%2Fv2%2Fcomments&post=54663"}],"version-history":[{"count":1,"href":"https:\/\/www.egemtv.com\/index.php?rest_route=\/wp\/v2\/posts\/54663\/revisions"}],"predecessor-version":[{"id":54665,"href":"https:\/\/www.egemtv.com\/index.php?rest_route=\/wp\/v2\/posts\/54663\/revisions\/54665"}],"wp:featuredmedia":[{"embeddable":true,"href":"https:\/\/www.egemtv.com\/index.php?rest_route=\/wp\/v2\/media\/54664"}],"wp:attachment":[{"href":"https:\/\/www.egemtv.com\/index.php?rest_route=%2Fwp%2Fv2%2Fmedia&parent=54663"}],"wp:term":[{"taxonomy":"category","embeddable":true,"href":"https:\/\/www.egemtv.com\/index.php?rest_route=%2Fwp%2Fv2%2Fcategories&post=54663"},{"taxonomy":"post_tag","embeddable":true,"href":"https:\/\/www.egemtv.com\/index.php?rest_route=%2Fwp%2Fv2%2Ftags&post=54663"}],"curies":[{"name":"wp","href":"https:\/\/api.w.org\/{rel}","templated":true}]}}