{"id":54660,"date":"2025-09-13T15:36:19","date_gmt":"2025-09-13T12:36:19","guid":{"rendered":"https:\/\/www.egemtv.com\/?p=54660"},"modified":"2025-09-13T15:36:20","modified_gmt":"2025-09-13T12:36:20","slug":"kutahyada-yol-kontrolunde-gorevli-jandarma-uzman-cavus-sehit-oldu","status":"publish","type":"post","link":"https:\/\/www.egemtv.com\/?p=54660","title":{"rendered":"K\u00fctahya\u2019da yol kontrol\u00fcnde g\u00f6revli jandarma uzman \u00e7avu\u015f \u015fehit oldu"},"content":{"rendered":"<p>K\u00fctahya\u2019n\u0131n \u00c7avdarhisar yolu 35. kilometresinde meydana gelen trafik kazas\u0131nda yol kontrol\u00fc yapan Jandarma Uzman \u00c7avu\u015f Y\u00fccel Ye\u015fil (26) \u015fehit oldu.<br \/>\n<br \/>Edinilen bilgilere g\u00f6re, Abdullah D. y\u00f6netimindeki 43 ABU 899 plakal\u0131 otomobil, s\u00fcr\u00fcc\u00fcs\u00fcn\u00fcn direksiyon hakimiyetini kaybetmesi sonucu kontrolden \u00e7\u0131karak kar\u015f\u0131 \u015feride ge\u00e7ti. Takla atan ara\u00e7, yol kontrol\u00fc yapan Jandarma Uzman \u00c7avu\u015f Y\u00fccel Ye\u015fil\u2019e \u00e7arp\u0131p s\u00fcr\u00fckledikten sonra \u015farampole devrildi.<br \/>\n<br \/>Olay yerine sevk edilen sa\u011fl\u0131k ekipleri, Ye\u015fil\u2019in \u015fehit oldu\u011funu belirledi. Kazada otomobil s\u00fcr\u00fcc\u00fcs\u00fc Abdullah D. ile e\u015fi ve \u00e7ocu\u011fu da yaraland\u0131. Yaral\u0131lar, ambulanslarla K\u00fctahya \u015eehir Hastanesi\u2019ne kald\u0131r\u0131ld\u0131.<br \/>\n<br \/>\u015eehidin cenazesi, yap\u0131lan incelemelerin ard\u0131ndan K\u00fctahya \u015eehir Hastanesi morguna g\u00f6t\u00fcr\u00fcld\u00fc. Uzman \u00c7avu\u015f Y\u00fccel Ye\u015fil\u2019in yar\u0131n memleketi Manisa\u2019da topra\u011fa verilece\u011fi \u00f6\u011frenildi.<br \/><\/p>\n","protected":false},"excerpt":{"rendered":"<p>K\u00fctahya\u2019n\u0131n \u00c7avdarhisar yolu 35. kilometresinde meydana gelen trafik kazas\u0131nda yol kontrol\u00fc yapan Jandarma Uzman \u00c7avu\u015f Y\u00fccel Ye\u015fil (26) \u015fehit oldu. Edinilen bilgilere g\u00f6re, Abdullah D. y\u00f6netimindeki 43 ABU 899 plakal\u0131 otomobil, s\u00fcr\u00fcc\u00fcs\u00fcn\u00fcn direksiyon hakimiyetini kaybetmesi sonucu kontrolden \u00e7\u0131karak kar\u015f\u0131 \u015feride ge\u00e7ti. Takla atan ara\u00e7, yol kontrol\u00fc yapan Jandarma Uzman \u00c7avu\u015f Y\u00fccel Ye\u015fil\u2019e \u00e7arp\u0131p s\u00fcr\u00fckledikten sonra&#8230;<\/p>\n","protected":false},"author":1,"featured_media":54661,"comment_status":"open","ping_status":"open","sticky":false,"template":"","format":"standard","meta":{"_crdt_document":"","footnotes":""},"categories":[5],"tags":[],"class_list":["post-54660","post","type-post","status-publish","format-standard","has-post-thumbnail","hentry","category-asayis"],"_links":{"self":[{"href":"https:\/\/www.egemtv.com\/index.php?rest_route=\/wp\/v2\/posts\/54660","targetHints":{"allow":["GET"]}}],"collection":[{"href":"https:\/\/www.egemtv.com\/index.php?rest_route=\/wp\/v2\/posts"}],"about":[{"href":"https:\/\/www.egemtv.com\/index.php?rest_route=\/wp\/v2\/types\/post"}],"author":[{"embeddable":true,"href":"https:\/\/www.egemtv.com\/index.php?rest_route=\/wp\/v2\/users\/1"}],"replies":[{"embeddable":true,"href":"https:\/\/www.egemtv.com\/index.php?rest_route=%2Fwp%2Fv2%2Fcomments&post=54660"}],"version-history":[{"count":1,"href":"https:\/\/www.egemtv.com\/index.php?rest_route=\/wp\/v2\/posts\/54660\/revisions"}],"predecessor-version":[{"id":54662,"href":"https:\/\/www.egemtv.com\/index.php?rest_route=\/wp\/v2\/posts\/54660\/revisions\/54662"}],"wp:featuredmedia":[{"embeddable":true,"href":"https:\/\/www.egemtv.com\/index.php?rest_route=\/wp\/v2\/media\/54661"}],"wp:attachment":[{"href":"https:\/\/www.egemtv.com\/index.php?rest_route=%2Fwp%2Fv2%2Fmedia&parent=54660"}],"wp:term":[{"taxonomy":"category","embeddable":true,"href":"https:\/\/www.egemtv.com\/index.php?rest_route=%2Fwp%2Fv2%2Fcategories&post=54660"},{"taxonomy":"post_tag","embeddable":true,"href":"https:\/\/www.egemtv.com\/index.php?rest_route=%2Fwp%2Fv2%2Ftags&post=54660"}],"curies":[{"name":"wp","href":"https:\/\/api.w.org\/{rel}","templated":true}]}}