{"id":54657,"date":"2025-09-13T15:36:19","date_gmt":"2025-09-13T12:36:19","guid":{"rendered":"https:\/\/www.egemtv.com\/?p=54657"},"modified":"2025-09-13T15:36:19","modified_gmt":"2025-09-13T12:36:19","slug":"adude-modern-bir-kampus-icin-calismalar-suruyor","status":"publish","type":"post","link":"https:\/\/www.egemtv.com\/?p=54657","title":{"rendered":"AD\u00dc\u2019de modern bir kamp\u00fcs i\u00e7in \u00e7al\u0131\u015fmalar s\u00fcr\u00fcyor"},"content":{"rendered":"<p>Adnan Menderes \u00dcniversitesi, 2025-2026 akademik y\u0131l\u0131 \u00f6ncesinde kamp\u00fcs genelinde ba\u015flatt\u0131\u011f\u0131 \u00e7evre d\u00fczenleme ve yenileme \u00e7al\u0131\u015fmalar\u0131n\u0131 aral\u0131ks\u0131z s\u00fcrd\u00fcr\u00fcyor.<br \/>\n<br \/>Yeni akademik y\u0131l haz\u0131rl\u0131klar\u0131 kapsam\u0131nda kamp\u00fcs genelinde y\u00fcr\u00fct\u00fclen \u00e7evre d\u00fczenleme \u00e7al\u0131\u015fmalar\u0131 \u00e7er\u00e7evesinde farkl\u0131 alanlarda ye\u015fillendirme faaliyetleri ger\u00e7ekle\u015ftiriliyor, kamp\u00fcse meyve a\u011fa\u00e7lar\u0131 dikiliyor. Ayr\u0131ca y\u00fcr\u00fcy\u00fc\u015f yollar\u0131, dinlenme alanlar\u0131 ve meydan d\u00fczenlemeleri yenilenerek \u00f6\u011frencilerimize ders aralar\u0131nda ve sosyal etkinliklerde daha modern, huzurlu ve konforlu bir ortam sunulmas\u0131 hedefleniyor.<br \/>\n<br \/>Sosyal alanlara y\u00f6nelik d\u00fczenlemelerin yan\u0131 s\u0131ra, 15 Temmuz \u015eehitler Meydan\u0131\u2019nda yer alan Atat\u00fcrk Heykeli\u2019nde kapsaml\u0131 bak\u0131m ve onar\u0131m \u00e7al\u0131\u015fmalar\u0131 da h\u0131z kesmeden devam ediyor. Meydanda bulunan ve en son 2017 y\u0131l\u0131nda bak\u0131m\u0131 yap\u0131lan Atat\u00fcrk Heykeli\u2019nde, 8 y\u0131l aradan sonra ilk kez ger\u00e7ekle\u015ftirilen bu bak\u0131m s\u00fcrecinde temizlik, tadilat ve yenileme \u00e7al\u0131\u015fmalar\u0131 titizlikle y\u00fcr\u00fct\u00fcl\u00fcyor.<br \/>\n<br \/>Rekt\u00f6r Prof. Dr. B\u00fclent Kent konuyla ilgili yapt\u0131\u011f\u0131 a\u00e7\u0131klamada, &#8220;Bak\u0131m ve yenileme \u00e7al\u0131\u015fmalar\u0131m\u0131zla de\u011ferlerimizi koruyaca\u011f\u0131m\u0131z, \u00f6\u011frencilerimize daha modern ve \u00e7evreci bir kamp\u00fcs sunaca\u011f\u0131m\u0131z bir d\u00f6neme haz\u0131rlan\u0131yoruz. Yeni akademik y\u0131la, \u00f6\u011frencilerimizin enerjisiyle b\u00fct\u00fcnle\u015fmi\u015f huzurlu bir ortamda ba\u015flamay\u0131 hedefliyoruz&#8221; ifadelerini kulland\u0131.<br \/><\/p>\n","protected":false},"excerpt":{"rendered":"<p>Adnan Menderes \u00dcniversitesi, 2025-2026 akademik y\u0131l\u0131 \u00f6ncesinde kamp\u00fcs genelinde ba\u015flatt\u0131\u011f\u0131 \u00e7evre d\u00fczenleme ve yenileme \u00e7al\u0131\u015fmalar\u0131n\u0131 aral\u0131ks\u0131z s\u00fcrd\u00fcr\u00fcyor. Yeni akademik y\u0131l haz\u0131rl\u0131klar\u0131 kapsam\u0131nda kamp\u00fcs genelinde y\u00fcr\u00fct\u00fclen \u00e7evre d\u00fczenleme \u00e7al\u0131\u015fmalar\u0131 \u00e7er\u00e7evesinde farkl\u0131 alanlarda ye\u015fillendirme faaliyetleri ger\u00e7ekle\u015ftiriliyor, kamp\u00fcse meyve a\u011fa\u00e7lar\u0131 dikiliyor. Ayr\u0131ca y\u00fcr\u00fcy\u00fc\u015f yollar\u0131, dinlenme alanlar\u0131 ve meydan d\u00fczenlemeleri yenilenerek \u00f6\u011frencilerimize ders aralar\u0131nda ve sosyal etkinliklerde daha modern,&#8230;<\/p>\n","protected":false},"author":1,"featured_media":54658,"comment_status":"open","ping_status":"open","sticky":false,"template":"","format":"standard","meta":{"_crdt_document":"","footnotes":""},"categories":[1],"tags":[],"class_list":["post-54657","post","type-post","status-publish","format-standard","has-post-thumbnail","hentry","category-guncel"],"_links":{"self":[{"href":"https:\/\/www.egemtv.com\/index.php?rest_route=\/wp\/v2\/posts\/54657","targetHints":{"allow":["GET"]}}],"collection":[{"href":"https:\/\/www.egemtv.com\/index.php?rest_route=\/wp\/v2\/posts"}],"about":[{"href":"https:\/\/www.egemtv.com\/index.php?rest_route=\/wp\/v2\/types\/post"}],"author":[{"embeddable":true,"href":"https:\/\/www.egemtv.com\/index.php?rest_route=\/wp\/v2\/users\/1"}],"replies":[{"embeddable":true,"href":"https:\/\/www.egemtv.com\/index.php?rest_route=%2Fwp%2Fv2%2Fcomments&post=54657"}],"version-history":[{"count":1,"href":"https:\/\/www.egemtv.com\/index.php?rest_route=\/wp\/v2\/posts\/54657\/revisions"}],"predecessor-version":[{"id":54659,"href":"https:\/\/www.egemtv.com\/index.php?rest_route=\/wp\/v2\/posts\/54657\/revisions\/54659"}],"wp:featuredmedia":[{"embeddable":true,"href":"https:\/\/www.egemtv.com\/index.php?rest_route=\/wp\/v2\/media\/54658"}],"wp:attachment":[{"href":"https:\/\/www.egemtv.com\/index.php?rest_route=%2Fwp%2Fv2%2Fmedia&parent=54657"}],"wp:term":[{"taxonomy":"category","embeddable":true,"href":"https:\/\/www.egemtv.com\/index.php?rest_route=%2Fwp%2Fv2%2Fcategories&post=54657"},{"taxonomy":"post_tag","embeddable":true,"href":"https:\/\/www.egemtv.com\/index.php?rest_route=%2Fwp%2Fv2%2Ftags&post=54657"}],"curies":[{"name":"wp","href":"https:\/\/api.w.org\/{rel}","templated":true}]}}