{"id":54654,"date":"2025-09-13T15:14:42","date_gmt":"2025-09-13T12:14:42","guid":{"rendered":"https:\/\/www.egemtv.com\/?p=54654"},"modified":"2025-09-13T15:14:43","modified_gmt":"2025-09-13T12:14:43","slug":"manisa-jandarma-zehir-tacirlerini-bir-bir-yakaliyor","status":"publish","type":"post","link":"https:\/\/www.egemtv.com\/?p=54654","title":{"rendered":"Manisa jandarma zehir tacirlerini bir bir yakal\u0131yor"},"content":{"rendered":"<p>Manisa\u2019n\u0131n Salihli il\u00e7esinde jandarma ekiplerinin \u015f\u00fcphe \u00fczerine arama yapt\u0131\u011f\u0131 \u015f\u00fcphelilerden, A4 ka\u011f\u0131da emdirilmi\u015f 24 i\u00e7imlik u\u00e7 bonzai, 30 adet sentetik ecza ve 10 gram metamfetamin ele ge\u00e7irildi.<br \/>\n<br \/>Uyu\u015fturucu madde ticareti yapan \u015fah\u0131slara y\u00f6nelik \u00e7al\u0131\u015fmalar\u0131na devam eden Manisa \u0130l Jandarma Komutanl\u0131\u011f\u0131na ba\u011fl\u0131 Salihli \u0130l\u00e7e Jandarma Komutanl\u0131\u011f\u0131 ekipleri, durumundan \u015f\u00fcphelendikleri A.K\u2019yi (24) Hac\u0131bekta\u015fl\u0131 Mahallesi\u2019nde, G.A\u2019y\u0131 (30) Sart Mahallesi\u2019nde, E.Y.(30), A.A.(30) ve H.\u0130.\u2019yi (24) ise \u00c7ayk\u00f6y Mahallesinde durdurup arama yapt\u0131. \u015e\u00fcphelilerin yap\u0131lan \u00fcst aramas\u0131nda A4 ka\u011f\u0131da emdirilmi\u015f, 24 i\u00e7imlik u\u00e7 bonzai, 30 adet sentetik ecza, 10 gram metamfetamin ve 5 adet uyu\u015fturucu kullanma aparat\u0131 ele ge\u00e7irildi.<br \/>\n<br \/>\u015e\u00fcpheliler hakk\u0131nda adli i\u015flem ba\u015flat\u0131ld\u0131\u011f\u0131 \u00f6\u011frenildi.<br \/><\/p>\n","protected":false},"excerpt":{"rendered":"<p>Manisa\u2019n\u0131n Salihli il\u00e7esinde jandarma ekiplerinin \u015f\u00fcphe \u00fczerine arama yapt\u0131\u011f\u0131 \u015f\u00fcphelilerden, A4 ka\u011f\u0131da emdirilmi\u015f 24 i\u00e7imlik u\u00e7 bonzai, 30 adet sentetik ecza ve 10 gram metamfetamin ele ge\u00e7irildi. Uyu\u015fturucu madde ticareti yapan \u015fah\u0131slara y\u00f6nelik \u00e7al\u0131\u015fmalar\u0131na devam eden Manisa \u0130l Jandarma Komutanl\u0131\u011f\u0131na ba\u011fl\u0131 Salihli \u0130l\u00e7e Jandarma Komutanl\u0131\u011f\u0131 ekipleri, durumundan \u015f\u00fcphelendikleri A.K\u2019yi (24) Hac\u0131bekta\u015fl\u0131 Mahallesi\u2019nde, G.A\u2019y\u0131 (30) Sart&#8230;<\/p>\n","protected":false},"author":1,"featured_media":54655,"comment_status":"open","ping_status":"open","sticky":false,"template":"","format":"standard","meta":{"_crdt_document":"","footnotes":""},"categories":[5],"tags":[],"class_list":["post-54654","post","type-post","status-publish","format-standard","has-post-thumbnail","hentry","category-asayis"],"_links":{"self":[{"href":"https:\/\/www.egemtv.com\/index.php?rest_route=\/wp\/v2\/posts\/54654","targetHints":{"allow":["GET"]}}],"collection":[{"href":"https:\/\/www.egemtv.com\/index.php?rest_route=\/wp\/v2\/posts"}],"about":[{"href":"https:\/\/www.egemtv.com\/index.php?rest_route=\/wp\/v2\/types\/post"}],"author":[{"embeddable":true,"href":"https:\/\/www.egemtv.com\/index.php?rest_route=\/wp\/v2\/users\/1"}],"replies":[{"embeddable":true,"href":"https:\/\/www.egemtv.com\/index.php?rest_route=%2Fwp%2Fv2%2Fcomments&post=54654"}],"version-history":[{"count":1,"href":"https:\/\/www.egemtv.com\/index.php?rest_route=\/wp\/v2\/posts\/54654\/revisions"}],"predecessor-version":[{"id":54656,"href":"https:\/\/www.egemtv.com\/index.php?rest_route=\/wp\/v2\/posts\/54654\/revisions\/54656"}],"wp:featuredmedia":[{"embeddable":true,"href":"https:\/\/www.egemtv.com\/index.php?rest_route=\/wp\/v2\/media\/54655"}],"wp:attachment":[{"href":"https:\/\/www.egemtv.com\/index.php?rest_route=%2Fwp%2Fv2%2Fmedia&parent=54654"}],"wp:term":[{"taxonomy":"category","embeddable":true,"href":"https:\/\/www.egemtv.com\/index.php?rest_route=%2Fwp%2Fv2%2Fcategories&post=54654"},{"taxonomy":"post_tag","embeddable":true,"href":"https:\/\/www.egemtv.com\/index.php?rest_route=%2Fwp%2Fv2%2Ftags&post=54654"}],"curies":[{"name":"wp","href":"https:\/\/api.w.org\/{rel}","templated":true}]}}