{"id":54651,"date":"2025-09-13T14:55:56","date_gmt":"2025-09-13T11:55:56","guid":{"rendered":"https:\/\/www.egemtv.com\/?p=54651"},"modified":"2025-09-13T14:55:57","modified_gmt":"2025-09-13T11:55:57","slug":"salihlide-otomobilin-carptigi-kadin-hayatini-kaybetti","status":"publish","type":"post","link":"https:\/\/www.egemtv.com\/?p=54651","title":{"rendered":"Salihli\u2019de otomobilin \u00e7arpt\u0131\u011f\u0131 kad\u0131n hayat\u0131n\u0131 kaybetti"},"content":{"rendered":"<p>Manisa\u2019n\u0131n Salihli il\u00e7esinde otomobilin \u00e7arpt\u0131\u011f\u0131 60 ya\u015f\u0131ndaki kad\u0131n, kald\u0131r\u0131ld\u0131\u011f\u0131 hastanede hayat\u0131n\u0131 kaybetti.<br \/>\n<br \/>Kaza, \u0130zmir-Ankara D300 Karayolu Bar\u0131\u015f Mahallesi mevkiinde meydana geldi. Edinilen bilgiye g\u00f6re, Turgutlu\u2019dan Salihli istikametine seyir halinde olan O.A. y\u00f6netimindeki 45 SC 3660 plakal\u0131 otomobil yaya olarak yolun kar\u015f\u0131s\u0131na ge\u00e7meye \u00e7al\u0131\u015fan Latife Kara\u00e7il\u2019e \u00e7arpt\u0131. \u0130hbar \u00fczerine olay yerine 112 Acil Sa\u011fl\u0131k ve polis ekipleri sevk edildi. Kazada a\u011f\u0131r yaralanan Latife Kara\u00e7il\u2019e ilk m\u00fcdahale olay yerinde yap\u0131ld\u0131ktan sonra ambulansla \u00d6zel Medig\u00fcne\u015f Hastanesi\u2019ne kald\u0131r\u0131ld\u0131. Kara\u00e7il, doktorlar\u0131n t\u00fcm m\u00fcdahalesine ra\u011fmen hayat\u0131n\u0131 kaybetti.<br \/>\n<br \/>Kazayla ilgili soru\u015fturman\u0131n devam etti\u011fi \u00f6\u011frenildi.<br \/><\/p>\n","protected":false},"excerpt":{"rendered":"<p>Manisa\u2019n\u0131n Salihli il\u00e7esinde otomobilin \u00e7arpt\u0131\u011f\u0131 60 ya\u015f\u0131ndaki kad\u0131n, kald\u0131r\u0131ld\u0131\u011f\u0131 hastanede hayat\u0131n\u0131 kaybetti. Kaza, \u0130zmir-Ankara D300 Karayolu Bar\u0131\u015f Mahallesi mevkiinde meydana geldi. Edinilen bilgiye g\u00f6re, Turgutlu\u2019dan Salihli istikametine seyir halinde olan O.A. y\u00f6netimindeki 45 SC 3660 plakal\u0131 otomobil yaya olarak yolun kar\u015f\u0131s\u0131na ge\u00e7meye \u00e7al\u0131\u015fan Latife Kara\u00e7il\u2019e \u00e7arpt\u0131. \u0130hbar \u00fczerine olay yerine 112 Acil Sa\u011fl\u0131k ve polis&#8230;<\/p>\n","protected":false},"author":1,"featured_media":54652,"comment_status":"open","ping_status":"open","sticky":false,"template":"","format":"standard","meta":{"_crdt_document":"","footnotes":""},"categories":[5],"tags":[],"class_list":["post-54651","post","type-post","status-publish","format-standard","has-post-thumbnail","hentry","category-asayis"],"_links":{"self":[{"href":"https:\/\/www.egemtv.com\/index.php?rest_route=\/wp\/v2\/posts\/54651","targetHints":{"allow":["GET"]}}],"collection":[{"href":"https:\/\/www.egemtv.com\/index.php?rest_route=\/wp\/v2\/posts"}],"about":[{"href":"https:\/\/www.egemtv.com\/index.php?rest_route=\/wp\/v2\/types\/post"}],"author":[{"embeddable":true,"href":"https:\/\/www.egemtv.com\/index.php?rest_route=\/wp\/v2\/users\/1"}],"replies":[{"embeddable":true,"href":"https:\/\/www.egemtv.com\/index.php?rest_route=%2Fwp%2Fv2%2Fcomments&post=54651"}],"version-history":[{"count":1,"href":"https:\/\/www.egemtv.com\/index.php?rest_route=\/wp\/v2\/posts\/54651\/revisions"}],"predecessor-version":[{"id":54653,"href":"https:\/\/www.egemtv.com\/index.php?rest_route=\/wp\/v2\/posts\/54651\/revisions\/54653"}],"wp:featuredmedia":[{"embeddable":true,"href":"https:\/\/www.egemtv.com\/index.php?rest_route=\/wp\/v2\/media\/54652"}],"wp:attachment":[{"href":"https:\/\/www.egemtv.com\/index.php?rest_route=%2Fwp%2Fv2%2Fmedia&parent=54651"}],"wp:term":[{"taxonomy":"category","embeddable":true,"href":"https:\/\/www.egemtv.com\/index.php?rest_route=%2Fwp%2Fv2%2Fcategories&post=54651"},{"taxonomy":"post_tag","embeddable":true,"href":"https:\/\/www.egemtv.com\/index.php?rest_route=%2Fwp%2Fv2%2Ftags&post=54651"}],"curies":[{"name":"wp","href":"https:\/\/api.w.org\/{rel}","templated":true}]}}