{"id":54648,"date":"2025-09-13T14:55:54","date_gmt":"2025-09-13T11:55:54","guid":{"rendered":"https:\/\/www.egemtv.com\/?p=54648"},"modified":"2025-09-13T14:55:56","modified_gmt":"2025-09-13T11:55:56","slug":"alasehirde-traktor-kazasi-1-olu","status":"publish","type":"post","link":"https:\/\/www.egemtv.com\/?p=54648","title":{"rendered":"Ala\u015fehir\u2019de trakt\u00f6r kazas\u0131: 1 \u00f6l\u00fc"},"content":{"rendered":"<p>MAN\u0130SA (\u0130HA) \u2013 Manisa\u2019n\u0131n Ala\u015fehir il\u00e7esinde meydana gelen trakt\u00f6r kazas\u0131nda bir ki\u015fi hayat\u0131n\u0131 kaybetti.<br \/>\n<br \/>Kaza, bug\u00fcn saat 11.00 s\u0131ralar\u0131nda Ala\u015fehir\u2019e ba\u011fl\u0131 Serinyayla Mahallesi mevkiinde meydana geldi. Edinilen bilgiye g\u00f6re, Serinyayla Mahallesi\u2019nde ikamet eden S\u00fcleyman Keskin (64), sabah saatlerinde 45 Z 3171 plakal\u0131 trakt\u00f6r\u00fcyle Killik Mahallesi\u2019nde kurulan semt pazar\u0131na gitti. Pazar al\u0131\u015fveri\u015finin ard\u0131ndan evine d\u00f6nmek \u00fczere yola \u00e7\u0131kan Keskin, Serinyayla Mahallesi yak\u0131nlar\u0131nda direksiyon hakimiyetini kaybetti. Kontrolden \u00e7\u0131kan trakt\u00f6r takla att\u0131. Kazada S\u00fcleyman Keskin trakt\u00f6r\u00fcn alt\u0131nda kalarak olay yerinde hayat\u0131n\u0131 kaybetti. Keskin\u2019in cenazesi, yap\u0131lan incelemenin ard\u0131ndan Ala\u015fehir Devlet Hastanesi morguna kald\u0131r\u0131ld\u0131.<br \/>\n<br \/>Olayla ilgili soru\u015fturma ba\u015flat\u0131ld\u0131.<br \/><\/p>\n","protected":false},"excerpt":{"rendered":"<p>MAN\u0130SA (\u0130HA) \u2013 Manisa\u2019n\u0131n Ala\u015fehir il\u00e7esinde meydana gelen trakt\u00f6r kazas\u0131nda bir ki\u015fi hayat\u0131n\u0131 kaybetti. Kaza, bug\u00fcn saat 11.00 s\u0131ralar\u0131nda Ala\u015fehir\u2019e ba\u011fl\u0131 Serinyayla Mahallesi mevkiinde meydana geldi. Edinilen bilgiye g\u00f6re, Serinyayla Mahallesi\u2019nde ikamet eden S\u00fcleyman Keskin (64), sabah saatlerinde 45 Z 3171 plakal\u0131 trakt\u00f6r\u00fcyle Killik Mahallesi\u2019nde kurulan semt pazar\u0131na gitti. Pazar al\u0131\u015fveri\u015finin ard\u0131ndan evine d\u00f6nmek \u00fczere&#8230;<\/p>\n","protected":false},"author":1,"featured_media":54649,"comment_status":"open","ping_status":"open","sticky":false,"template":"","format":"standard","meta":{"_crdt_document":"","footnotes":""},"categories":[5],"tags":[],"class_list":["post-54648","post","type-post","status-publish","format-standard","has-post-thumbnail","hentry","category-asayis"],"_links":{"self":[{"href":"https:\/\/www.egemtv.com\/index.php?rest_route=\/wp\/v2\/posts\/54648","targetHints":{"allow":["GET"]}}],"collection":[{"href":"https:\/\/www.egemtv.com\/index.php?rest_route=\/wp\/v2\/posts"}],"about":[{"href":"https:\/\/www.egemtv.com\/index.php?rest_route=\/wp\/v2\/types\/post"}],"author":[{"embeddable":true,"href":"https:\/\/www.egemtv.com\/index.php?rest_route=\/wp\/v2\/users\/1"}],"replies":[{"embeddable":true,"href":"https:\/\/www.egemtv.com\/index.php?rest_route=%2Fwp%2Fv2%2Fcomments&post=54648"}],"version-history":[{"count":1,"href":"https:\/\/www.egemtv.com\/index.php?rest_route=\/wp\/v2\/posts\/54648\/revisions"}],"predecessor-version":[{"id":54650,"href":"https:\/\/www.egemtv.com\/index.php?rest_route=\/wp\/v2\/posts\/54648\/revisions\/54650"}],"wp:featuredmedia":[{"embeddable":true,"href":"https:\/\/www.egemtv.com\/index.php?rest_route=\/wp\/v2\/media\/54649"}],"wp:attachment":[{"href":"https:\/\/www.egemtv.com\/index.php?rest_route=%2Fwp%2Fv2%2Fmedia&parent=54648"}],"wp:term":[{"taxonomy":"category","embeddable":true,"href":"https:\/\/www.egemtv.com\/index.php?rest_route=%2Fwp%2Fv2%2Fcategories&post=54648"},{"taxonomy":"post_tag","embeddable":true,"href":"https:\/\/www.egemtv.com\/index.php?rest_route=%2Fwp%2Fv2%2Ftags&post=54648"}],"curies":[{"name":"wp","href":"https:\/\/api.w.org\/{rel}","templated":true}]}}