{"id":54645,"date":"2025-09-13T14:14:52","date_gmt":"2025-09-13T11:14:52","guid":{"rendered":"https:\/\/www.egemtv.com\/?p=54645"},"modified":"2025-09-13T14:14:53","modified_gmt":"2025-09-13T11:14:53","slug":"11-afyon-frig-ultra-maratonu-yapildi","status":"publish","type":"post","link":"https:\/\/www.egemtv.com\/?p=54645","title":{"rendered":"11. Afyon Frig Ultra Maratonu yap\u0131ld\u0131"},"content":{"rendered":"<p>Bu sene 11.\u2019si d\u00fczenlenen Afyon Frig Ultra Maratonu 5 kategoride ger\u00e7ekle\u015ftirildi.<br \/>\n<br \/>Afyonkarahisar Valili\u011fi, \u0130hsaniye Belediyesi ve sponsorlar\u0131n deste\u011fiyle Ayazini\u2019de start verilen yar\u0131\u015flar; 6, 12, 22, 38 ve 54 kilometrelik parkurlarda ko\u015fuldu. Yar\u0131\u015f koordinat\u00f6r\u00fc Ali Cem Akta\u015f, bas\u0131n mensuplar\u0131na maratonun 11. y\u0131l\u0131n\u0131n tamamland\u0131\u011f\u0131n\u0131 s\u00f6yledi.<br \/>\n<br \/>\u00d6zel \u00e7ocuklar\u0131n yar\u0131\u015ft\u0131\u011f\u0131 \u2019+1 Farkla Ko\u015fuyoruz\u2019 etab\u0131 etkinli\u011fe keyif katarken yar\u0131\u015fmalarda dereceye giren sporculara, d\u00fczenlenen t\u00f6renle hediye ve madalyalar\u0131 verildi.<br \/><\/p>\n","protected":false},"excerpt":{"rendered":"<p>Bu sene 11.\u2019si d\u00fczenlenen Afyon Frig Ultra Maratonu 5 kategoride ger\u00e7ekle\u015ftirildi. Afyonkarahisar Valili\u011fi, \u0130hsaniye Belediyesi ve sponsorlar\u0131n deste\u011fiyle Ayazini\u2019de start verilen yar\u0131\u015flar; 6, 12, 22, 38 ve 54 kilometrelik parkurlarda ko\u015fuldu. Yar\u0131\u015f koordinat\u00f6r\u00fc Ali Cem Akta\u015f, bas\u0131n mensuplar\u0131na maratonun 11. y\u0131l\u0131n\u0131n tamamland\u0131\u011f\u0131n\u0131 s\u00f6yledi. \u00d6zel \u00e7ocuklar\u0131n yar\u0131\u015ft\u0131\u011f\u0131 \u2019+1 Farkla Ko\u015fuyoruz\u2019 etab\u0131 etkinli\u011fe keyif katarken yar\u0131\u015fmalarda dereceye&#8230;<\/p>\n","protected":false},"author":1,"featured_media":54646,"comment_status":"open","ping_status":"open","sticky":false,"template":"","format":"standard","meta":{"_crdt_document":"","footnotes":""},"categories":[4],"tags":[],"class_list":["post-54645","post","type-post","status-publish","format-standard","has-post-thumbnail","hentry","category-spor"],"_links":{"self":[{"href":"https:\/\/www.egemtv.com\/index.php?rest_route=\/wp\/v2\/posts\/54645","targetHints":{"allow":["GET"]}}],"collection":[{"href":"https:\/\/www.egemtv.com\/index.php?rest_route=\/wp\/v2\/posts"}],"about":[{"href":"https:\/\/www.egemtv.com\/index.php?rest_route=\/wp\/v2\/types\/post"}],"author":[{"embeddable":true,"href":"https:\/\/www.egemtv.com\/index.php?rest_route=\/wp\/v2\/users\/1"}],"replies":[{"embeddable":true,"href":"https:\/\/www.egemtv.com\/index.php?rest_route=%2Fwp%2Fv2%2Fcomments&post=54645"}],"version-history":[{"count":1,"href":"https:\/\/www.egemtv.com\/index.php?rest_route=\/wp\/v2\/posts\/54645\/revisions"}],"predecessor-version":[{"id":54647,"href":"https:\/\/www.egemtv.com\/index.php?rest_route=\/wp\/v2\/posts\/54645\/revisions\/54647"}],"wp:featuredmedia":[{"embeddable":true,"href":"https:\/\/www.egemtv.com\/index.php?rest_route=\/wp\/v2\/media\/54646"}],"wp:attachment":[{"href":"https:\/\/www.egemtv.com\/index.php?rest_route=%2Fwp%2Fv2%2Fmedia&parent=54645"}],"wp:term":[{"taxonomy":"category","embeddable":true,"href":"https:\/\/www.egemtv.com\/index.php?rest_route=%2Fwp%2Fv2%2Fcategories&post=54645"},{"taxonomy":"post_tag","embeddable":true,"href":"https:\/\/www.egemtv.com\/index.php?rest_route=%2Fwp%2Fv2%2Ftags&post=54645"}],"curies":[{"name":"wp","href":"https:\/\/api.w.org\/{rel}","templated":true}]}}