{"id":54642,"date":"2025-09-13T13:56:07","date_gmt":"2025-09-13T10:56:07","guid":{"rendered":"https:\/\/www.egemtv.com\/?p=54642"},"modified":"2025-09-13T13:56:08","modified_gmt":"2025-09-13T10:56:08","slug":"kutahyada-yol-kontrolu-yapan-jandarma-takla-atan-otomobilin-altinda-kaldi-1-sehit","status":"publish","type":"post","link":"https:\/\/www.egemtv.com\/?p=54642","title":{"rendered":"K\u00fctahya\u2019da yol kontrol\u00fc yapan jandarma, takla atan otomobilin alt\u0131nda kald\u0131: 1 \u015fehit"},"content":{"rendered":"<p>K\u00fctahya\u2019da yol kontrol\u00fc yapan jandarma, takla atan otomobilin alt\u0131nda kal\u0131p s\u00fcr\u00fcklenerek \u015fehit oldu.<br \/>\n<br \/>Al\u0131nan bilgilere g\u00f6re, K\u00fctahya &#8211; \u00c7avdarhisar yol 35. kilometresinde yol kontrol\u00fc yapan Jandarma uzman \u00e7avu\u015f Y\u00fccel Ye\u015fil (26), kar\u015f\u0131 \u015feritten takla atarak gelen otomobilin alt\u0131nda kalarak s\u00fcr\u00fcklendi. Ye\u015fil, olay yerinde \u015fehit oldu. Takla atan otomobilin s\u00fcr\u00fcc\u00fcs\u00fc, e\u015fi ve \u00e7ocu\u011fu da yaraland\u0131. Yaral\u0131lar, ambulanslarla \u015eehir Hastanesi\u2019ne kald\u0131r\u0131ld\u0131.<br \/><\/p>\n","protected":false},"excerpt":{"rendered":"<p>K\u00fctahya\u2019da yol kontrol\u00fc yapan jandarma, takla atan otomobilin alt\u0131nda kal\u0131p s\u00fcr\u00fcklenerek \u015fehit oldu. Al\u0131nan bilgilere g\u00f6re, K\u00fctahya &#8211; \u00c7avdarhisar yol 35. kilometresinde yol kontrol\u00fc yapan Jandarma uzman \u00e7avu\u015f Y\u00fccel Ye\u015fil (26), kar\u015f\u0131 \u015feritten takla atarak gelen otomobilin alt\u0131nda kalarak s\u00fcr\u00fcklendi. Ye\u015fil, olay yerinde \u015fehit oldu. Takla atan otomobilin s\u00fcr\u00fcc\u00fcs\u00fc, e\u015fi ve \u00e7ocu\u011fu da yaraland\u0131. Yaral\u0131lar,&#8230;<\/p>\n","protected":false},"author":1,"featured_media":54643,"comment_status":"open","ping_status":"open","sticky":false,"template":"","format":"standard","meta":{"_crdt_document":"","footnotes":""},"categories":[5],"tags":[],"class_list":["post-54642","post","type-post","status-publish","format-standard","has-post-thumbnail","hentry","category-asayis"],"_links":{"self":[{"href":"https:\/\/www.egemtv.com\/index.php?rest_route=\/wp\/v2\/posts\/54642","targetHints":{"allow":["GET"]}}],"collection":[{"href":"https:\/\/www.egemtv.com\/index.php?rest_route=\/wp\/v2\/posts"}],"about":[{"href":"https:\/\/www.egemtv.com\/index.php?rest_route=\/wp\/v2\/types\/post"}],"author":[{"embeddable":true,"href":"https:\/\/www.egemtv.com\/index.php?rest_route=\/wp\/v2\/users\/1"}],"replies":[{"embeddable":true,"href":"https:\/\/www.egemtv.com\/index.php?rest_route=%2Fwp%2Fv2%2Fcomments&post=54642"}],"version-history":[{"count":1,"href":"https:\/\/www.egemtv.com\/index.php?rest_route=\/wp\/v2\/posts\/54642\/revisions"}],"predecessor-version":[{"id":54644,"href":"https:\/\/www.egemtv.com\/index.php?rest_route=\/wp\/v2\/posts\/54642\/revisions\/54644"}],"wp:featuredmedia":[{"embeddable":true,"href":"https:\/\/www.egemtv.com\/index.php?rest_route=\/wp\/v2\/media\/54643"}],"wp:attachment":[{"href":"https:\/\/www.egemtv.com\/index.php?rest_route=%2Fwp%2Fv2%2Fmedia&parent=54642"}],"wp:term":[{"taxonomy":"category","embeddable":true,"href":"https:\/\/www.egemtv.com\/index.php?rest_route=%2Fwp%2Fv2%2Fcategories&post=54642"},{"taxonomy":"post_tag","embeddable":true,"href":"https:\/\/www.egemtv.com\/index.php?rest_route=%2Fwp%2Fv2%2Ftags&post=54642"}],"curies":[{"name":"wp","href":"https:\/\/api.w.org\/{rel}","templated":true}]}}