{"id":54639,"date":"2025-09-13T13:56:06","date_gmt":"2025-09-13T10:56:06","guid":{"rendered":"https:\/\/www.egemtv.com\/?p=54639"},"modified":"2025-09-13T13:56:07","modified_gmt":"2025-09-13T10:56:07","slug":"okul-servis-soforlerine-guvenli-tasimacilik-egitimi-verildi","status":"publish","type":"post","link":"https:\/\/www.egemtv.com\/?p=54639","title":{"rendered":"Okul servis \u015fof\u00f6rlerine \u2019G\u00fcvenli Ta\u015f\u0131mac\u0131l\u0131k E\u011fitimi\u2019 verildi"},"content":{"rendered":"<p>K\u00fctahya\u2019da okul servis \u015fof\u00f6rleri ve servis rehberlerine y\u00f6nelik \u2019G\u00fcvenli Ta\u015f\u0131mac\u0131l\u0131k E\u011fitimi\u2019 ger\u00e7ekle\u015ftirildi.<br \/>\n<br \/>K\u00fctahya \u0130l Milli E\u011fitim M\u00fcd\u00fcrl\u00fc\u011f\u00fc koordinesinde, Trafik Tescil ve Denetleme \u015eube M\u00fcd\u00fcrl\u00fc\u011f\u00fc taraf\u0131ndan bir e\u011fitim d\u00fczenlendi. Destek Hizmetleri \u015eube M\u00fcd\u00fcr\u00fc H\u00fcseyin K\u00f6se ba\u015fkanl\u0131\u011f\u0131nda, okul servis \u015fof\u00f6rleri ve servis rehberlerine y\u00f6nelik \u2019G\u00fcvenli Ta\u015f\u0131mac\u0131l\u0131k E\u011fitimi\u2019 ger\u00e7ekle\u015ftirildi. Programda, okul servislerinde g\u00fcvenli\u011fin art\u0131r\u0131lmas\u0131 ve ilgili mevzuat\u0131n titizlikle uygulanmas\u0131 gerekti\u011fi vurguland\u0131.<\/p>\n<p>Al\u0131nmas\u0131 gereken g\u00fcvenlik \u00f6nlemleri anlat\u0131ld\u0131<br \/>\n<br \/>E\u011fitimi veren K\u0131demli Ba\u015fpolis Ahmet Kahraman, okul servis ta\u015f\u0131mac\u0131l\u0131\u011f\u0131yla ilgili mevzuat h\u00fck\u00fcmlerini hat\u0131rlatarak, \u00f6zellikle \u00f6\u011frencilerin indirilip bindirilmesi s\u0131ras\u0131nda uyar\u0131 \u0131\u015f\u0131klar\u0131n\u0131n mutlaka kullan\u0131lmas\u0131 gerekti\u011fine dikkat \u00e7ekti. Ayr\u0131ca, servis ara\u00e7lar\u0131nda al\u0131nmas\u0131 gereken g\u00fcvenlik \u00f6nlemleri, y\u00f6netmeliklerdeki g\u00fcncellemeler ve e\u011fitim-\u00f6\u011fretim y\u0131l\u0131 boyunca devam edecek denetimler hakk\u0131nda bilgilendirmeler yap\u0131ld\u0131.<br \/>\n<br \/>\u0130l Milli E\u011fitim M\u00fcd\u00fcrl\u00fc\u011f\u00fc yetkilileri, \u00f6\u011frencilerin g\u00fcvenli\u011finin \u00f6ncelikli oldu\u011funu belirterek, okul servislerinde \u00fcst d\u00fczey tedbirlerin al\u0131nmas\u0131 ve \u015fof\u00f6rlerin bilin\u00e7lendirilmesi i\u00e7in \u00e7al\u0131\u015fmalar\u0131n devam edece\u011fini ifade etti.<br \/><\/p>\n","protected":false},"excerpt":{"rendered":"<p>K\u00fctahya\u2019da okul servis \u015fof\u00f6rleri ve servis rehberlerine y\u00f6nelik \u2019G\u00fcvenli Ta\u015f\u0131mac\u0131l\u0131k E\u011fitimi\u2019 ger\u00e7ekle\u015ftirildi. K\u00fctahya \u0130l Milli E\u011fitim M\u00fcd\u00fcrl\u00fc\u011f\u00fc koordinesinde, Trafik Tescil ve Denetleme \u015eube M\u00fcd\u00fcrl\u00fc\u011f\u00fc taraf\u0131ndan bir e\u011fitim d\u00fczenlendi. Destek Hizmetleri \u015eube M\u00fcd\u00fcr\u00fc H\u00fcseyin K\u00f6se ba\u015fkanl\u0131\u011f\u0131nda, okul servis \u015fof\u00f6rleri ve servis rehberlerine y\u00f6nelik \u2019G\u00fcvenli Ta\u015f\u0131mac\u0131l\u0131k E\u011fitimi\u2019 ger\u00e7ekle\u015ftirildi. Programda, okul servislerinde g\u00fcvenli\u011fin art\u0131r\u0131lmas\u0131 ve ilgili mevzuat\u0131n titizlikle&#8230;<\/p>\n","protected":false},"author":1,"featured_media":54640,"comment_status":"open","ping_status":"open","sticky":false,"template":"","format":"standard","meta":{"_crdt_document":"","footnotes":""},"categories":[1],"tags":[],"class_list":["post-54639","post","type-post","status-publish","format-standard","has-post-thumbnail","hentry","category-guncel"],"_links":{"self":[{"href":"https:\/\/www.egemtv.com\/index.php?rest_route=\/wp\/v2\/posts\/54639","targetHints":{"allow":["GET"]}}],"collection":[{"href":"https:\/\/www.egemtv.com\/index.php?rest_route=\/wp\/v2\/posts"}],"about":[{"href":"https:\/\/www.egemtv.com\/index.php?rest_route=\/wp\/v2\/types\/post"}],"author":[{"embeddable":true,"href":"https:\/\/www.egemtv.com\/index.php?rest_route=\/wp\/v2\/users\/1"}],"replies":[{"embeddable":true,"href":"https:\/\/www.egemtv.com\/index.php?rest_route=%2Fwp%2Fv2%2Fcomments&post=54639"}],"version-history":[{"count":1,"href":"https:\/\/www.egemtv.com\/index.php?rest_route=\/wp\/v2\/posts\/54639\/revisions"}],"predecessor-version":[{"id":54641,"href":"https:\/\/www.egemtv.com\/index.php?rest_route=\/wp\/v2\/posts\/54639\/revisions\/54641"}],"wp:featuredmedia":[{"embeddable":true,"href":"https:\/\/www.egemtv.com\/index.php?rest_route=\/wp\/v2\/media\/54640"}],"wp:attachment":[{"href":"https:\/\/www.egemtv.com\/index.php?rest_route=%2Fwp%2Fv2%2Fmedia&parent=54639"}],"wp:term":[{"taxonomy":"category","embeddable":true,"href":"https:\/\/www.egemtv.com\/index.php?rest_route=%2Fwp%2Fv2%2Fcategories&post=54639"},{"taxonomy":"post_tag","embeddable":true,"href":"https:\/\/www.egemtv.com\/index.php?rest_route=%2Fwp%2Fv2%2Ftags&post=54639"}],"curies":[{"name":"wp","href":"https:\/\/api.w.org\/{rel}","templated":true}]}}