{"id":54636,"date":"2025-09-13T13:56:05","date_gmt":"2025-09-13T10:56:05","guid":{"rendered":"https:\/\/www.egemtv.com\/?p=54636"},"modified":"2025-09-13T13:56:06","modified_gmt":"2025-09-13T10:56:06","slug":"kusadasinda-14-yil-hapis-cezasi-bulunan-sahis-jasatin-operasyonuyla-yakalandi","status":"publish","type":"post","link":"https:\/\/www.egemtv.com\/?p=54636","title":{"rendered":"Ku\u015fadas\u0131\u2019nda 14 y\u0131l hapis cezas\u0131 bulunan \u015fah\u0131s JASAT\u2019\u0131n operasyonuyla yakaland\u0131"},"content":{"rendered":"<p>Ku\u015fadas\u0131\u2019nda hakk\u0131nda uyu\u015fturucu ticareti su\u00e7undan 14 y\u0131l kesinle\u015fmi\u015f hapis cezas\u0131 bulunan B.K., Jandarma Su\u00e7 Ara\u015ft\u0131rma Timi (JASAT) ekiplerinin titiz \u00e7al\u0131\u015fmas\u0131 sonucu yakaland\u0131.<\/p>\n<p>Edinilen bilgiye g\u00f6re, uzun s\u00fcredir aranan B.K.\u2019n\u0131n Ku\u015fadas\u0131\u2019nda oldu\u011fu bilgisine ula\u015fan JASAT ekipleri, b\u00f6lgede detayl\u0131 takip ba\u015flatt\u0131. Yap\u0131lan ba\u015far\u0131l\u0131 operasyonla \u015f\u00fcpheli sakland\u0131\u011f\u0131 yerde k\u0131sk\u0131vrak yakalanarak g\u00f6zalt\u0131na al\u0131nd\u0131. \u0130\u015flemlerinin ard\u0131ndan adli makamlara sevk edilen B.K., \u00e7\u0131kar\u0131ld\u0131\u011f\u0131 mahkemece cezaevine teslim edildi.<br \/><\/p>\n","protected":false},"excerpt":{"rendered":"<p>Ku\u015fadas\u0131\u2019nda hakk\u0131nda uyu\u015fturucu ticareti su\u00e7undan 14 y\u0131l kesinle\u015fmi\u015f hapis cezas\u0131 bulunan B.K., Jandarma Su\u00e7 Ara\u015ft\u0131rma Timi (JASAT) ekiplerinin titiz \u00e7al\u0131\u015fmas\u0131 sonucu yakaland\u0131. Edinilen bilgiye g\u00f6re, uzun s\u00fcredir aranan B.K.\u2019n\u0131n Ku\u015fadas\u0131\u2019nda oldu\u011fu bilgisine ula\u015fan JASAT ekipleri, b\u00f6lgede detayl\u0131 takip ba\u015flatt\u0131. Yap\u0131lan ba\u015far\u0131l\u0131 operasyonla \u015f\u00fcpheli sakland\u0131\u011f\u0131 yerde k\u0131sk\u0131vrak yakalanarak g\u00f6zalt\u0131na al\u0131nd\u0131. \u0130\u015flemlerinin ard\u0131ndan adli makamlara sevk edilen&#8230;<\/p>\n","protected":false},"author":1,"featured_media":54637,"comment_status":"open","ping_status":"open","sticky":false,"template":"","format":"standard","meta":{"_crdt_document":"","footnotes":""},"categories":[5],"tags":[],"class_list":["post-54636","post","type-post","status-publish","format-standard","has-post-thumbnail","hentry","category-asayis"],"_links":{"self":[{"href":"https:\/\/www.egemtv.com\/index.php?rest_route=\/wp\/v2\/posts\/54636","targetHints":{"allow":["GET"]}}],"collection":[{"href":"https:\/\/www.egemtv.com\/index.php?rest_route=\/wp\/v2\/posts"}],"about":[{"href":"https:\/\/www.egemtv.com\/index.php?rest_route=\/wp\/v2\/types\/post"}],"author":[{"embeddable":true,"href":"https:\/\/www.egemtv.com\/index.php?rest_route=\/wp\/v2\/users\/1"}],"replies":[{"embeddable":true,"href":"https:\/\/www.egemtv.com\/index.php?rest_route=%2Fwp%2Fv2%2Fcomments&post=54636"}],"version-history":[{"count":1,"href":"https:\/\/www.egemtv.com\/index.php?rest_route=\/wp\/v2\/posts\/54636\/revisions"}],"predecessor-version":[{"id":54638,"href":"https:\/\/www.egemtv.com\/index.php?rest_route=\/wp\/v2\/posts\/54636\/revisions\/54638"}],"wp:featuredmedia":[{"embeddable":true,"href":"https:\/\/www.egemtv.com\/index.php?rest_route=\/wp\/v2\/media\/54637"}],"wp:attachment":[{"href":"https:\/\/www.egemtv.com\/index.php?rest_route=%2Fwp%2Fv2%2Fmedia&parent=54636"}],"wp:term":[{"taxonomy":"category","embeddable":true,"href":"https:\/\/www.egemtv.com\/index.php?rest_route=%2Fwp%2Fv2%2Fcategories&post=54636"},{"taxonomy":"post_tag","embeddable":true,"href":"https:\/\/www.egemtv.com\/index.php?rest_route=%2Fwp%2Fv2%2Ftags&post=54636"}],"curies":[{"name":"wp","href":"https:\/\/api.w.org\/{rel}","templated":true}]}}