{"id":54633,"date":"2025-09-13T13:35:15","date_gmt":"2025-09-13T10:35:15","guid":{"rendered":"https:\/\/www.egemtv.com\/?p=54633"},"modified":"2025-09-13T13:35:16","modified_gmt":"2025-09-13T10:35:16","slug":"gocuk-altindaki-2-isciler-22-saattir-kurtarilmayi-bekliyor","status":"publish","type":"post","link":"https:\/\/www.egemtv.com\/?p=54633","title":{"rendered":"G\u00f6\u00e7\u00fck alt\u0131ndaki 2 i\u015f\u00e7iler 22 saattir kurtar\u0131lmay\u0131 bekliyor"},"content":{"rendered":"<p>Denizli\u2019nin Ac\u0131payam il\u00e7esinde d\u00fcn \u00f6\u011fle saatlerinde bir krom madeninde meydana gelen g\u00f6\u00e7\u00fckte mahsur kalan iki i\u015f\u00e7iyi kurtarma \u00e7al\u0131\u015fmalar\u0131 devam ediyor. G\u00f6z temas\u0131 sa\u011flanan i\u015f\u00e7ilerin hayati tehlikelerinin bulunmad\u0131\u011f\u0131 \u00f6\u011frenilirken, madende devam eden g\u00f6\u00e7\u00fckler \u00e7al\u0131\u015fmalar\u0131 g\u00fc\u00e7le\u015ftiriyor.<\/p>\n<p>Edinilen bilgiye g\u00f6re; Denizli\u2019nin Ac\u0131payam il\u00e7esine ba\u011fl\u0131 Karaismailler Mahallesi\u2019nde faaliyet g\u00f6steren Kromta\u015f firmas\u0131 taraf\u0131ndan i\u015fletilen krom madeninde d\u00fcn saat 15.30 saatlerinde g\u00f6\u00e7\u00fck meydana geldi. Maden oca\u011f\u0131n\u0131n giri\u015finden 20 metre ilerideki mesafede hen\u00fcz belirlenemeyen bir nedenle meydana gelen g\u00f6\u00e7\u00fckte, Beya\u011fa\u00e7l\u0131 H\u00fcseyin Turan ve madenin bulundu\u011fu k\u00f6yde ikamet eden \u00d6mer Duran mahsur kald\u0131.<\/p>\n<p>Krom madenindeki g\u00f6\u00e7\u00fckte mahsur kalan 2 i\u015f\u00e7iyle hem g\u00f6z hem de sesli temas sa\u011flan\u0131rken, i\u015f\u00e7ilerin kurtar\u0131lmas\u0131 i\u00e7in 22 saattir \u00e7al\u0131\u015fmalara aral\u0131ks\u0131z olarak devam ediyor. AFAD, UMKE, jandarma, sa\u011fl\u0131k ve itfaiye ekiplerinin y\u00fcr\u00fctt\u00fc\u011f\u00fc \u00e7al\u0131\u015fmalara b\u00f6lgedeki madenlerde g\u00f6rev yapan profesyonel madencilerde destek veriyor.<br \/>\n<br \/>Ekiplerin yo\u011fun \u00e7abalar\u0131 sonucu i\u015f\u00e7ilere ula\u015f\u0131ld\u0131\u011f\u0131, ancak maden oca\u011f\u0131nda devam eden toprak kaymalar\u0131 nedeniyle i\u015f\u00e7ilerin s\u0131k\u0131\u015ft\u0131klar\u0131 yerden \u00e7\u0131kar\u0131lamad\u0131klar\u0131 \u00f6\u011frenildi. Ekip arama kurtarma ekipleri hem de mahsur kalan i\u015f\u00e7ilerin g\u00fcvenli\u011fi d\u00fc\u015f\u00fcn\u00fclerek hassasiyetle y\u00fcr\u00fct\u00fclen \u00e7al\u0131\u015fmalarda, g\u00f6\u00e7\u00fc\u011f\u00fcn neden oldu\u011fu toprak birikintileri kamyonlarla d\u0131\u015far\u0131ya \u00e7\u0131kart\u0131l\u0131yor.<\/p>\n<p>Hayati tehlikelerinin olmad\u0131\u011f\u0131 bildirilen i\u015f\u00e7ilerin kurtar\u0131lmas\u0131 i\u00e7in zamanla yar\u0131\u015f s\u00fcrerken, b\u00f6lgedeki endi\u015feli bekleyi\u015f devam ediyor. Yakla\u015f\u0131k 22 saattir devam eden \u00e7al\u0131\u015fmalara kat\u0131lan ekipler ve g\u00f6n\u00fcll\u00fc madencilerin ihtiya\u00e7lar\u0131 ise olay\u0131n duyulmas\u0131n\u0131n ard\u0131ndan b\u00f6lgeye ula\u015fan Hayrat Vakf\u0131 g\u00f6n\u00fcll\u00fcleri taraf\u0131ndan kar\u015f\u0131lan\u0131yor.<\/p>\n<p>Kurtarma \u00e7al\u0131\u015fmalar\u0131na kat\u0131lan madenci, &#8220;G\u00f6\u00e7\u00fck alt\u0131nda kalan mesai arkada\u015flar\u0131m\u0131zla hem g\u00f6zle hem de sesle irtibat\u0131 sa\u011flad\u0131k. Hem kurtarma \u00e7al\u0131\u015fmalar\u0131na kat\u0131lanlar\u0131n hem de g\u00f6\u00e7\u00fck alt\u0131ndaki karde\u015flerimizin emniyetini alarak \u00e7al\u0131\u015fmalar\u0131m\u0131z\u0131 b\u00fcy\u00fck bir hassasiyetle y\u00fcr\u00fct\u00fcyoruz. Emniyetli bir \u015fekilde kendilerini almaya \u00e7al\u0131\u015f\u0131yoruz. \u0130n\u015fallah \u00e7al\u0131\u015fmalar\u0131m\u0131z\u0131 birka\u00e7 saat i\u00e7erisinde tamamlamay\u0131 hedefliyoruz&#8221; dedi.<br \/><\/p>\n","protected":false},"excerpt":{"rendered":"<p>Denizli\u2019nin Ac\u0131payam il\u00e7esinde d\u00fcn \u00f6\u011fle saatlerinde bir krom madeninde meydana gelen g\u00f6\u00e7\u00fckte mahsur kalan iki i\u015f\u00e7iyi kurtarma \u00e7al\u0131\u015fmalar\u0131 devam ediyor. G\u00f6z temas\u0131 sa\u011flanan i\u015f\u00e7ilerin hayati tehlikelerinin bulunmad\u0131\u011f\u0131 \u00f6\u011frenilirken, madende devam eden g\u00f6\u00e7\u00fckler \u00e7al\u0131\u015fmalar\u0131 g\u00fc\u00e7le\u015ftiriyor. Edinilen bilgiye g\u00f6re; Denizli\u2019nin Ac\u0131payam il\u00e7esine ba\u011fl\u0131 Karaismailler Mahallesi\u2019nde faaliyet g\u00f6steren Kromta\u015f firmas\u0131 taraf\u0131ndan i\u015fletilen krom madeninde d\u00fcn saat 15.30 saatlerinde&#8230;<\/p>\n","protected":false},"author":1,"featured_media":54634,"comment_status":"open","ping_status":"open","sticky":false,"template":"","format":"standard","meta":{"_crdt_document":"","footnotes":""},"categories":[5],"tags":[],"class_list":["post-54633","post","type-post","status-publish","format-standard","has-post-thumbnail","hentry","category-asayis"],"_links":{"self":[{"href":"https:\/\/www.egemtv.com\/index.php?rest_route=\/wp\/v2\/posts\/54633","targetHints":{"allow":["GET"]}}],"collection":[{"href":"https:\/\/www.egemtv.com\/index.php?rest_route=\/wp\/v2\/posts"}],"about":[{"href":"https:\/\/www.egemtv.com\/index.php?rest_route=\/wp\/v2\/types\/post"}],"author":[{"embeddable":true,"href":"https:\/\/www.egemtv.com\/index.php?rest_route=\/wp\/v2\/users\/1"}],"replies":[{"embeddable":true,"href":"https:\/\/www.egemtv.com\/index.php?rest_route=%2Fwp%2Fv2%2Fcomments&post=54633"}],"version-history":[{"count":1,"href":"https:\/\/www.egemtv.com\/index.php?rest_route=\/wp\/v2\/posts\/54633\/revisions"}],"predecessor-version":[{"id":54635,"href":"https:\/\/www.egemtv.com\/index.php?rest_route=\/wp\/v2\/posts\/54633\/revisions\/54635"}],"wp:featuredmedia":[{"embeddable":true,"href":"https:\/\/www.egemtv.com\/index.php?rest_route=\/wp\/v2\/media\/54634"}],"wp:attachment":[{"href":"https:\/\/www.egemtv.com\/index.php?rest_route=%2Fwp%2Fv2%2Fmedia&parent=54633"}],"wp:term":[{"taxonomy":"category","embeddable":true,"href":"https:\/\/www.egemtv.com\/index.php?rest_route=%2Fwp%2Fv2%2Fcategories&post=54633"},{"taxonomy":"post_tag","embeddable":true,"href":"https:\/\/www.egemtv.com\/index.php?rest_route=%2Fwp%2Fv2%2Ftags&post=54633"}],"curies":[{"name":"wp","href":"https:\/\/api.w.org\/{rel}","templated":true}]}}