{"id":54630,"date":"2025-09-13T13:35:15","date_gmt":"2025-09-13T10:35:15","guid":{"rendered":"https:\/\/www.egemtv.com\/?p=54630"},"modified":"2025-09-13T13:35:15","modified_gmt":"2025-09-13T10:35:15","slug":"baskan-arikan-yapilamayan-buyuksehir-meclis-toplantisini-degerlendirdi","status":"publish","type":"post","link":"https:\/\/www.egemtv.com\/?p=54630","title":{"rendered":"Ba\u015fkan Ar\u0131kan, yap\u0131lamayan B\u00fcy\u00fck\u015fehir meclis toplant\u0131s\u0131n\u0131 de\u011ferlendirdi"},"content":{"rendered":"<p>S\u00f6ke Belediye Ba\u015fkan\u0131 Dr. Mustafa \u0130berya Ar\u0131kan, Ayd\u0131n B\u00fcy\u00fck\u015fehir Belediye Meclisi\u2019nin yap\u0131lamayan toplant\u0131s\u0131n\u0131 de\u011ferlendirdi.  Ba\u015fkan Ar\u0131kan, provokatif eylem yapanlar\u0131n dertlerinin hizmet olmad\u0131\u011f\u0131n\u0131n ortaya \u00e7\u0131kt\u0131\u011f\u0131n\u0131 s\u00f6yledi.<br \/>\n<br \/>Ba\u015fkan Ar\u0131kan; &#8220;Ayd\u0131n Halk\u0131 T\u00fcrkiye tarihin en karanl\u0131k g\u00fcn\u00fc olan 12 Eyl\u00fcl\u2019\u00fc, maalesef demokrasiye g\u00f6lge d\u00fc\u015fen bir ba\u015fka g\u00fcn olarak daha hat\u0131rlayacak&#8221; dedi.<br \/>\n<br \/>S\u00f6ke Belediye Ba\u015fkan\u0131 Dr. Mustafa \u0130berya Ar\u0131kan yapt\u0131\u011f\u0131 a\u00e7\u0131klamas\u0131nda; &#8220;Ayd\u0131n B\u00fcy\u00fck\u015fehir Belediye Meclisi\u2019nin Eyl\u00fcl ay\u0131 ola\u011fan toplant\u0131s\u0131, CHP\u2019li meclis \u00fcyelerinin provokasyonu nedeniyle yap\u0131lamam\u0131\u015ft\u0131r. Demokrasi, siyasi etik gibi kelimeleri a\u011f\u0131zlar\u0131ndan d\u00fc\u015f\u00fcrmeyenler; halk\u0131n g\u00f6z\u00fc \u00f6n\u00fcnde son derece sald\u0131rgan, sayg\u0131dan uzak tutum i\u00e7ine girmi\u015flerdir. B\u00fcy\u00fck\u015fehir Meclis Salonu\u2019nda ya\u015fananlar Demokrasinin be\u015fi\u011fi olan Ayd\u0131n ili ve halk\u0131 ad\u0131na utan\u00e7 verici bir skandaldan \u00f6te de\u011fildir. Meclis ba\u015fkan\u0131na s\u00f6zl\u00fc sata\u015fmalardan tutun da meclis ba\u015fkan\u0131n\u0131n y\u00f6netimine kalem f\u0131rlatmaya varan sald\u0131rgan hareketleri g\u00f6rmekten utan\u00e7 duydu\u011fumu ifade etmek isterim. \u00dcst\u00fcne \u00fcstl\u00fck kalem f\u0131rlatan ki\u015finin S\u00f6keli ve S\u00f6ke\u2019nin belediye meclis \u00fcyesi olmas\u0131 beni daha da \u00fczm\u00fc\u015ft\u00fcr. S\u00f6kemizin ad\u0131n\u0131 man\u015fetlere ke\u015fke bu sald\u0131rgan tav\u0131rla ta\u015f\u0131masayd\u0131. Bu davran\u0131\u015flar sadece siyasi terbiyesizlik de\u011fil, ayn\u0131 zamanda millet iradesine de a\u00e7\u0131k bir ihanettir. \u00c7\u00fcnk\u00fc meclisler halka hizmet edebilmek i\u00e7in yap\u0131l\u0131r. Hizmete adeta balta vurulmu\u015f, meclis \u00e7al\u0131\u015fmalar\u0131 engellenmi\u015ftir. Siyasi ikbal pe\u015finde olanlar, trib\u00fcnlere oynay\u0131p sevimli g\u00f6r\u00fcnmek isteyenler, g\u00fcnl\u00fck h\u0131rslar\u0131 u\u011fruna yapacaklar\u0131ndan geri kalmayanlar kendi siyasi \u015fovlar\u0131 i\u00e7in meclis toplant\u0131s\u0131n\u0131 adeta bir sahneye \u00e7evirdi. Bu sorumsuzluk, Ayd\u0131nl\u0131 hem\u015ferilerimizin gelece\u011fini heba eden kirli bir zihniyetin \u00fcr\u00fcn\u00fcd\u00fcr. Kavgac\u0131 ve provokatif bir anlay\u0131\u015f\u0131n Ayd\u0131n\u2019a hizmet getirmeyece\u011fi a\u015fikarken, dertlerinin de hizmet olmad\u0131\u011f\u0131 bir kez daha ortaya \u00e7\u0131km\u0131\u015ft\u0131r. Bizler, hangi engellemelerle kar\u015f\u0131la\u015f\u0131rsak kar\u015f\u0131la\u015fal\u0131m, halk\u0131m\u0131za hak etti\u011fi hizmetleri kazand\u0131rmaya devam edece\u011fiz. Biz kavga ve g\u00fcr\u00fclt\u00fcden uzak, ayr\u0131ms\u0131z bir \u015fekilde t\u00fcm vatanda\u015flar\u0131m\u0131zla kucaklamaya ve hizmet odakl\u0131 \u00e7al\u0131\u015fmaya devam edece\u011fiz&#8221; ifadelerine yer verdi.<br \/><\/p>\n","protected":false},"excerpt":{"rendered":"<p>S\u00f6ke Belediye Ba\u015fkan\u0131 Dr. Mustafa \u0130berya Ar\u0131kan, Ayd\u0131n B\u00fcy\u00fck\u015fehir Belediye Meclisi\u2019nin yap\u0131lamayan toplant\u0131s\u0131n\u0131 de\u011ferlendirdi. Ba\u015fkan Ar\u0131kan, provokatif eylem yapanlar\u0131n dertlerinin hizmet olmad\u0131\u011f\u0131n\u0131n ortaya \u00e7\u0131kt\u0131\u011f\u0131n\u0131 s\u00f6yledi. Ba\u015fkan Ar\u0131kan; &#8220;Ayd\u0131n Halk\u0131 T\u00fcrkiye tarihin en karanl\u0131k g\u00fcn\u00fc olan 12 Eyl\u00fcl\u2019\u00fc, maalesef demokrasiye g\u00f6lge d\u00fc\u015fen bir ba\u015fka g\u00fcn olarak daha hat\u0131rlayacak&#8221; dedi. S\u00f6ke Belediye Ba\u015fkan\u0131 Dr. Mustafa \u0130berya Ar\u0131kan&#8230;<\/p>\n","protected":false},"author":1,"featured_media":54631,"comment_status":"open","ping_status":"open","sticky":false,"template":"","format":"standard","meta":{"_crdt_document":"","footnotes":""},"categories":[127],"tags":[],"class_list":["post-54630","post","type-post","status-publish","format-standard","has-post-thumbnail","hentry","category-siyaset"],"_links":{"self":[{"href":"https:\/\/www.egemtv.com\/index.php?rest_route=\/wp\/v2\/posts\/54630","targetHints":{"allow":["GET"]}}],"collection":[{"href":"https:\/\/www.egemtv.com\/index.php?rest_route=\/wp\/v2\/posts"}],"about":[{"href":"https:\/\/www.egemtv.com\/index.php?rest_route=\/wp\/v2\/types\/post"}],"author":[{"embeddable":true,"href":"https:\/\/www.egemtv.com\/index.php?rest_route=\/wp\/v2\/users\/1"}],"replies":[{"embeddable":true,"href":"https:\/\/www.egemtv.com\/index.php?rest_route=%2Fwp%2Fv2%2Fcomments&post=54630"}],"version-history":[{"count":1,"href":"https:\/\/www.egemtv.com\/index.php?rest_route=\/wp\/v2\/posts\/54630\/revisions"}],"predecessor-version":[{"id":54632,"href":"https:\/\/www.egemtv.com\/index.php?rest_route=\/wp\/v2\/posts\/54630\/revisions\/54632"}],"wp:featuredmedia":[{"embeddable":true,"href":"https:\/\/www.egemtv.com\/index.php?rest_route=\/wp\/v2\/media\/54631"}],"wp:attachment":[{"href":"https:\/\/www.egemtv.com\/index.php?rest_route=%2Fwp%2Fv2%2Fmedia&parent=54630"}],"wp:term":[{"taxonomy":"category","embeddable":true,"href":"https:\/\/www.egemtv.com\/index.php?rest_route=%2Fwp%2Fv2%2Fcategories&post=54630"},{"taxonomy":"post_tag","embeddable":true,"href":"https:\/\/www.egemtv.com\/index.php?rest_route=%2Fwp%2Fv2%2Ftags&post=54630"}],"curies":[{"name":"wp","href":"https:\/\/api.w.org\/{rel}","templated":true}]}}