{"id":54627,"date":"2025-09-13T13:14:39","date_gmt":"2025-09-13T10:14:39","guid":{"rendered":"https:\/\/www.egemtv.com\/?p=54627"},"modified":"2025-09-13T13:14:40","modified_gmt":"2025-09-13T10:14:40","slug":"gedik-pilic-perakende-zirvesi-2025te-damaklari-senlendirdi","status":"publish","type":"post","link":"https:\/\/www.egemtv.com\/?p=54627","title":{"rendered":"Gedik Pili\u00e7, Perakende Zirvesi 2025\u2019te damaklar\u0131 \u015fenlendirdi"},"content":{"rendered":"<p>\u0130stanbul Hali\u00e7 Kongre Merkezi\u2019nde d\u00fczenlenen Perakende Zirvesi 2025\u2019in \u00f6\u011fle yeme\u011fi sponsoru, kanatl\u0131 sekt\u00f6r\u00fcn\u00fcn rekortmen firmas\u0131 Gedik Pili\u00e7 oldu. Kurulan tad\u0131m stant\u0131nda \u015eef Rafet \u0130nce, firman\u0131n \u00fcr\u00fcnlerini tan\u0131t\u0131rken, kat\u0131l\u0131mc\u0131lar haz\u0131rlanan yemeklere yo\u011fun ilgi g\u00f6sterdi.<\/p>\n<p>Hali\u00e7 Kongre Merkezi\u2019nde T\u00fcrkiye Perakendeciler Federasyonu taraf\u0131ndan Perakende Zirvesi 2025 d\u00fczenlendi. 10-11 Eyl\u00fcl tarihleri aras\u0131nda d\u00fczenlenen organizasyona sekt\u00f6r\u00fcn \u00f6nde gelen firmalar\u0131 kat\u0131ld\u0131. Organizasyonun \u00f6\u011fle yeme\u011fi sponsorlu\u011funu ise Gedik Pili\u00e7 \u00fcstlendi. \u015eef Rafet \u0130nce, kurulan tad\u0131m stant\u0131nda Gedik Pili\u00e7\u2019in \u00fcr\u00fcnleriyle g\u00f6z dolduran yemekler haz\u0131rlad\u0131. 6 farkl\u0131 tarifi kendine \u00f6zg\u00fc re\u00e7eteleriyle birle\u015ftiren \u0130nce, firman\u0131n \u00fcr\u00fcnlerini tan\u0131tt\u0131. Kat\u0131l\u0131mc\u0131lar haz\u0131rlanan tariflere yo\u011fun ilgi g\u00f6sterdi.<\/p>\n<p>&#8220;Stant\u0131m\u0131z\u0131 ziyaret eden t\u00fcm misafirlerimiz \u00e7ok mutlu \u015fekilde ayr\u0131ld\u0131lar&#8221;<br \/>\n<br \/>Gedik Pili\u00e7 Pazarlama M\u00fcd\u00fcr\u00fc Seda Cebi, yapt\u0131\u011f\u0131 a\u00e7\u0131klamada; &#8220;Burada Gedik Pili\u00e7 olarak Perakende Zirvesi 2025\u2019te hem \u00f6\u011fle yeme\u011fi sponsoru olarak hem de tad\u0131m stand\u0131m\u0131zla yer ald\u0131k. \u00c7ok keyifli iki g\u00fcn ge\u00e7irdik. Sekt\u00f6re y\u00f6n veren k\u0131ymetli i\u015f payda\u015flar\u0131m\u0131zla beraber olmak, fikir al\u0131\u015fveri\u015fi yapmak bizim i\u00e7in \u00e7ok k\u0131ymetliydi. Tad\u0131m stant\u0131m\u0131zla \u015eef Rafet \u0130nce \u00fcr\u00fcnlerimizle kendine \u00f6zel re\u00e7etelerini birle\u015ftirdi. Geri d\u00f6n\u00fc\u015fler \u00e7ok g\u00fczel, stant\u0131m\u0131z\u0131 ziyaret eden t\u00fcm misafirlerimiz \u00e7ok mutlu \u015fekilde ayr\u0131ld\u0131lar. \u00d6zellikle ileri i\u015flem \u00fcr\u00fcn grubumuzda 3 farkl\u0131 \u00fcr\u00fcn\u00fcm\u00fcz, cips kaplamal\u0131, \u00e7ok tah\u0131ll\u0131 ve panko kaplamal\u0131 \u00fcr\u00fcn\u00fcm\u00fcz yeni lanse etti\u011fimiz ve misafirlerimize sundu\u011fumuz \u00fcr\u00fcnler aras\u0131nda. \u00c7ok g\u00fczel geri d\u00f6n\u00fc\u015fler ald\u0131k. Bunun gibi g\u00fczel organizasyonlar\u0131n tekrarlanmas\u0131n\u0131 diliyoruz. Sponsorluk s\u00fcrecinde 6 farkl\u0131 \u00fcr\u00fcn\u00fcm\u00fcz sunuldu. Farkl\u0131 re\u00e7ete ve e\u015flik\u00e7ileriyle beraber. Hepsi tad\u0131mlardan olumlu ge\u00e7ti&#8221; dedi.<br \/><\/p>\n","protected":false},"excerpt":{"rendered":"<p>\u0130stanbul Hali\u00e7 Kongre Merkezi\u2019nde d\u00fczenlenen Perakende Zirvesi 2025\u2019in \u00f6\u011fle yeme\u011fi sponsoru, kanatl\u0131 sekt\u00f6r\u00fcn\u00fcn rekortmen firmas\u0131 Gedik Pili\u00e7 oldu. Kurulan tad\u0131m stant\u0131nda \u015eef Rafet \u0130nce, firman\u0131n \u00fcr\u00fcnlerini tan\u0131t\u0131rken, kat\u0131l\u0131mc\u0131lar haz\u0131rlanan yemeklere yo\u011fun ilgi g\u00f6sterdi. Hali\u00e7 Kongre Merkezi\u2019nde T\u00fcrkiye Perakendeciler Federasyonu taraf\u0131ndan Perakende Zirvesi 2025 d\u00fczenlendi. 10-11 Eyl\u00fcl tarihleri aras\u0131nda d\u00fczenlenen organizasyona sekt\u00f6r\u00fcn \u00f6nde gelen firmalar\u0131 kat\u0131ld\u0131&#8230;.<\/p>\n","protected":false},"author":1,"featured_media":54628,"comment_status":"open","ping_status":"open","sticky":false,"template":"","format":"standard","meta":{"_crdt_document":"","footnotes":""},"categories":[125],"tags":[],"class_list":["post-54627","post","type-post","status-publish","format-standard","has-post-thumbnail","hentry","category-ekonomi"],"_links":{"self":[{"href":"https:\/\/www.egemtv.com\/index.php?rest_route=\/wp\/v2\/posts\/54627","targetHints":{"allow":["GET"]}}],"collection":[{"href":"https:\/\/www.egemtv.com\/index.php?rest_route=\/wp\/v2\/posts"}],"about":[{"href":"https:\/\/www.egemtv.com\/index.php?rest_route=\/wp\/v2\/types\/post"}],"author":[{"embeddable":true,"href":"https:\/\/www.egemtv.com\/index.php?rest_route=\/wp\/v2\/users\/1"}],"replies":[{"embeddable":true,"href":"https:\/\/www.egemtv.com\/index.php?rest_route=%2Fwp%2Fv2%2Fcomments&post=54627"}],"version-history":[{"count":1,"href":"https:\/\/www.egemtv.com\/index.php?rest_route=\/wp\/v2\/posts\/54627\/revisions"}],"predecessor-version":[{"id":54629,"href":"https:\/\/www.egemtv.com\/index.php?rest_route=\/wp\/v2\/posts\/54627\/revisions\/54629"}],"wp:featuredmedia":[{"embeddable":true,"href":"https:\/\/www.egemtv.com\/index.php?rest_route=\/wp\/v2\/media\/54628"}],"wp:attachment":[{"href":"https:\/\/www.egemtv.com\/index.php?rest_route=%2Fwp%2Fv2%2Fmedia&parent=54627"}],"wp:term":[{"taxonomy":"category","embeddable":true,"href":"https:\/\/www.egemtv.com\/index.php?rest_route=%2Fwp%2Fv2%2Fcategories&post=54627"},{"taxonomy":"post_tag","embeddable":true,"href":"https:\/\/www.egemtv.com\/index.php?rest_route=%2Fwp%2Fv2%2Ftags&post=54627"}],"curies":[{"name":"wp","href":"https:\/\/api.w.org\/{rel}","templated":true}]}}