{"id":54624,"date":"2025-09-13T12:55:45","date_gmt":"2025-09-13T09:55:45","guid":{"rendered":"https:\/\/www.egemtv.com\/?p=54624"},"modified":"2025-09-13T12:55:46","modified_gmt":"2025-09-13T09:55:46","slug":"bakan-bayraktar-denizli-osbnin-ornek-projeleri-ve-surdurulebilir-uretim-vizyonundan-ovguyle-soz-etti","status":"publish","type":"post","link":"https:\/\/www.egemtv.com\/?p=54624","title":{"rendered":"Bakan Bayraktar, Denizli OSB\u2019nin \u00f6rnek projeleri ve s\u00fcrd\u00fcr\u00fclebilir \u00fcretim vizyonundan \u00f6vg\u00fcyle s\u00f6z etti"},"content":{"rendered":"<p>Denizli\u2019ye bir dizi ziyaret ger\u00e7ekle\u015ftirmek \u00fczere gelen Enerji ve Tabii Kaynaklar Bakan\u0131 Alparslan Bayraktar, kentteki program\u0131 kapsam\u0131nda Denizli Organize Sanayi B\u00f6lgesi\u2019ni ziyaret etti. DOSTEK Koleji Konferans Salonu\u2019nda d\u00fczenlenen toplant\u0131da sanayicilerle bir araya gelen Bakan Alparslan Bayraktar, Denizli OSB\u2019nin hayata ge\u00e7irdi\u011fi \u00f6rnek projelerden ve s\u00fcrd\u00fcr\u00fclebilir \u00fcretim vizyonundan \u00f6vg\u00fcyle s\u00f6z etti.<\/p>\n<p>Toplant\u0131ya Denizli Valisi \u00d6mer Faruk Co\u015fkun, Pamukkale \u00dcniversitesi Rekt\u00f6r\u00fc Prof. Dr. Mahmud G\u00fcng\u00f6r, Denizli \u0130l Jandarma Komutan\u0131 Tu\u011fgeneral Mevl\u00fct Dirim, \u0130l Emniyet M\u00fcd\u00fcr\u00fc Yavuz Sa\u011fd\u0131\u00e7, Denizli OSB Y\u00f6netim Kurulu Ba\u015fkan Vekili Osman U\u011furlu, Y\u00f6netim Kurulu \u00dcyesi Mehmet \u00c7al\u0131\u015fkan, B\u00f6lge M\u00fcd\u00fcr\u00fc Ahmet Ta\u015f, Denizli Sanayi Odas\u0131 Ba\u015fkan\u0131 Selim Kasapo\u011flu, Denizli Ticaret Odas\u0131 Ba\u015fkan\u0131 U\u011fur Erdo\u011fan, DSO Ba\u015fkan Yard\u0131mc\u0131s\u0131 Mehmet Serter, sanayiciler, okul y\u00f6netimi, \u00f6\u011fretmenler ve \u00f6\u011frenciler kat\u0131ld\u0131.<\/p>\n<p>&#8220;Denizli OSB, T\u00fcrkiye\u2019nin \u00f6nemli bir \u00fcretim \u00fcss\u00fc&#8221;<br \/>\n<br \/>Toplant\u0131n\u0131n a\u00e7\u0131l\u0131\u015f konu\u015fmas\u0131n\u0131 yapan Denizli OSB Y\u00f6netim Kurulu Ba\u015fkan Vekili Osman U\u011furlu, b\u00f6lgenin sanayi potansiyelini ve gelecek vizyonunu anlatt\u0131. Ba\u015fkan Vekili Osman U\u011furlu, &#8220;Denizli Organize Sanayi B\u00f6lgemiz, 5,6 milyon metrekarelik alan\u0131, 217 firmas\u0131 ve 30 bini a\u015fk\u0131n \u00e7al\u0131\u015fan\u0131yla \u00fclkemizin en \u00f6nemli \u00fcretim merkezlerinden biridir. Y\u0131ll\u0131k yakla\u015f\u0131k 490 bin MWh elektrik t\u00fcketimi, 45 milyon m do\u011falgaz kullan\u0131m\u0131 ve 77 MW \u00e7at\u0131 tipi g\u00fcne\u015f enerjisi \u00fcretim tesisiyle g\u00fc\u00e7l\u00fc bir sanayi altyap\u0131s\u0131na sahiptir. Bu \u00f6l\u00e7ek, b\u00f6lgemizin \u00fcretim kapasitesini ve y\u0131ll\u0131k 1 milyar dolar\u0131 a\u015fan ihracat hacmiyle hem b\u00f6lge hem de \u00fclke ekonomisine sa\u011flad\u0131\u011f\u0131 katk\u0131y\u0131 a\u00e7\u0131k\u00e7a ortaya koymaktad\u0131r&#8221; dedi.<\/p>\n<p>G\u00fcne\u015f Enerjisi Santrali (GES) projesinin en \u00f6nemli yat\u0131r\u0131mlardan biri oldu\u011funu vurgulayan Ba\u015fkan Vekili Osman U\u011furlu, &#8220;Kendi enerjimizi \u00fcretmeyi hedefleyen bu proje, sanayicilerimizin maliyetlerini azalt\u0131rken ye\u015fil d\u00f6n\u00fc\u015f\u00fcme somut katk\u0131 sa\u011flamakta ve karbon ayak izimizi d\u00fc\u015f\u00fcrmektedir&#8221; ifadelerini kulland\u0131.<br \/>\n<br \/>Denizli OSB Y\u00f6netim Kurulu Ba\u015fkan Vekili Osman U\u011furlu ayr\u0131ca, D\u00fcnya Bankas\u0131 finansmanl\u0131 Organize Sanayi B\u00f6lgeleri Kredisi ile hayata ge\u00e7irilecek olan 30.000 m\/g\u00fcn kapasiteli At\u0131ksu Ar\u0131tma Tesisi ve ard\u0131ndan ba\u015flayacak Ar\u0131t\u0131lm\u0131\u015f At\u0131ksuyun Geri Kazan\u0131m\u0131 Projesi ile \u00e7evreye duyarl\u0131 \u00fcretim vizyonunu daha da g\u00fc\u00e7lendirmeyi hedeflediklerini belirtti. Ayr\u0131ca altyap\u0131 \u00e7al\u0131\u015fmalar\u0131, Denizli OSB Teknopark projesi, e\u011fitim ve sosyal donat\u0131 alanlar\u0131n\u0131n yan\u0131 s\u0131ra Toplu Konut Projesi ile de b\u00f6lgenin gelece\u011fin rekabet ko\u015fullar\u0131na haz\u0131rland\u0131\u011f\u0131n\u0131 s\u00f6yledi.<\/p>\n<p>&#8220;Sanayicilerimizin \u00e7at\u0131s\u0131 bo\u015f kalmamal\u0131&#8221;<br \/>\n<br \/>Ba\u015fkan Vekili Osman U\u011furlu konu\u015fmas\u0131n\u0131n sonunda; &#8220;Denizli OSB sanayicileri olarak uluslararas\u0131 pazarlarda rekabet g\u00fcc\u00fcm\u00fcz\u00fc art\u0131rmak ve ye\u015fil d\u00f6n\u00fc\u015f\u00fcm\u00fc ger\u00e7ekle\u015ftirebilmek ad\u0131na, hali haz\u0131rda kapasitesi tamamen kullan\u0131lan toplam 77 mw\u2019lik TE\u0130A\u015e ba\u011flant\u0131 g\u00fcc\u00fcm\u00fcz\u00fcn art\u0131r\u0131lmas\u0131 ve sanayicimizin hi\u00e7bir \u00e7at\u0131s\u0131n\u0131n bo\u015f kalmamas\u0131 i\u00e7in deste\u011finizi istirham ediyoruz&#8221; diyerek sanayicilerin taleplerini dile getirdi.<\/p>\n<p>Bakan Alparslan Bayraktar\u2019dan Denizli OSB ve DOSTEK Koleji\u2019ne \u00f6vg\u00fc<br \/>\n<br \/>Denizli OSB\u2019nin \u00e7al\u0131\u015fmalar\u0131n\u0131 takdirle kar\u015f\u0131lad\u0131\u011f\u0131n\u0131 ifade eden Enerji ve Tabii Kaynaklar Bakan\u0131 Alparslan Bayraktar ise \u015funlar\u0131 s\u00f6yledi:<br \/>\n<br \/>&#8220;Denizli Organize Sanayi B\u00f6lgesi, yaln\u0131zca \u00fcretim kapasitesiyle de\u011fil; \u00e7evre hassasiyeti, enerji verimlili\u011fi ve s\u00fcrd\u00fcr\u00fclebilirlik vizyonuyla da \u00f6rnek bir organize sanayi b\u00f6lgesi. G\u00fcne\u015f Enerjisi Santrali projesi ve at\u0131ksu y\u00f6netimi konusundaki yat\u0131r\u0131mlar\u0131n\u0131z, T\u00fcrkiye\u2019nin ye\u015fil sanayi d\u00f6n\u00fc\u015f\u00fcm\u00fcne katk\u0131 sa\u011flayan \u00f6nemli ad\u0131mlard\u0131r. Bu t\u00fcr projeler, ekonomik kalk\u0131nma ile \u00e7evresel sorumlulu\u011fun nas\u0131l bir arada y\u00fcr\u00fct\u00fclebilece\u011finin en somut g\u00f6stergesidir. Bakanl\u0131k olarak, sanayicilerimizin rekabet g\u00fcc\u00fcn\u00fc art\u0131racak her t\u00fcrl\u00fc enerji altyap\u0131 \u00e7al\u0131\u015fmas\u0131na destek vermeye devam edece\u011fiz. Denizli OSB\u2019nin bu alandaki \u00f6nc\u00fc yakla\u015f\u0131m\u0131, di\u011fer organize sanayi b\u00f6lgelerine de ilham olacakt\u0131r&#8221; dedi.<\/p>\n<p>TEKNOFEST Efficiency Challenge Elektrikli Ara\u00e7 Yar\u0131\u015flar\u0131\u2019nda 4 farkl\u0131 kategoride derece elde eden DOSTEK Koleji\u2019ni tebrik eden Bakan Alparslan Bayraktar \u00f6\u011frencilere ba\u015far\u0131lar\u0131n\u0131n devam\u0131n\u0131 diledi.<br \/>\n<br \/>A\u00e7\u0131l\u0131\u015f konu\u015fmalar\u0131n\u0131n ard\u0131ndan Ba\u015fkan Vekili Osman U\u011furlu\u2019nun moderat\u00f6rl\u00fc\u011f\u00fcnde ger\u00e7ekle\u015ftirilen panelde Bakan Alparslan Bayraktar sanayicilerin sorular\u0131n\u0131 yan\u0131tlad\u0131, taleplerini dinledi.<br \/><\/p>\n","protected":false},"excerpt":{"rendered":"<p>Denizli\u2019ye bir dizi ziyaret ger\u00e7ekle\u015ftirmek \u00fczere gelen Enerji ve Tabii Kaynaklar Bakan\u0131 Alparslan Bayraktar, kentteki program\u0131 kapsam\u0131nda Denizli Organize Sanayi B\u00f6lgesi\u2019ni ziyaret etti. DOSTEK Koleji Konferans Salonu\u2019nda d\u00fczenlenen toplant\u0131da sanayicilerle bir araya gelen Bakan Alparslan Bayraktar, Denizli OSB\u2019nin hayata ge\u00e7irdi\u011fi \u00f6rnek projelerden ve s\u00fcrd\u00fcr\u00fclebilir \u00fcretim vizyonundan \u00f6vg\u00fcyle s\u00f6z etti. Toplant\u0131ya Denizli Valisi \u00d6mer Faruk Co\u015fkun,&#8230;<\/p>\n","protected":false},"author":1,"featured_media":54625,"comment_status":"open","ping_status":"open","sticky":false,"template":"","format":"standard","meta":{"_crdt_document":"","footnotes":""},"categories":[125],"tags":[],"class_list":["post-54624","post","type-post","status-publish","format-standard","has-post-thumbnail","hentry","category-ekonomi"],"_links":{"self":[{"href":"https:\/\/www.egemtv.com\/index.php?rest_route=\/wp\/v2\/posts\/54624","targetHints":{"allow":["GET"]}}],"collection":[{"href":"https:\/\/www.egemtv.com\/index.php?rest_route=\/wp\/v2\/posts"}],"about":[{"href":"https:\/\/www.egemtv.com\/index.php?rest_route=\/wp\/v2\/types\/post"}],"author":[{"embeddable":true,"href":"https:\/\/www.egemtv.com\/index.php?rest_route=\/wp\/v2\/users\/1"}],"replies":[{"embeddable":true,"href":"https:\/\/www.egemtv.com\/index.php?rest_route=%2Fwp%2Fv2%2Fcomments&post=54624"}],"version-history":[{"count":1,"href":"https:\/\/www.egemtv.com\/index.php?rest_route=\/wp\/v2\/posts\/54624\/revisions"}],"predecessor-version":[{"id":54626,"href":"https:\/\/www.egemtv.com\/index.php?rest_route=\/wp\/v2\/posts\/54624\/revisions\/54626"}],"wp:featuredmedia":[{"embeddable":true,"href":"https:\/\/www.egemtv.com\/index.php?rest_route=\/wp\/v2\/media\/54625"}],"wp:attachment":[{"href":"https:\/\/www.egemtv.com\/index.php?rest_route=%2Fwp%2Fv2%2Fmedia&parent=54624"}],"wp:term":[{"taxonomy":"category","embeddable":true,"href":"https:\/\/www.egemtv.com\/index.php?rest_route=%2Fwp%2Fv2%2Fcategories&post=54624"},{"taxonomy":"post_tag","embeddable":true,"href":"https:\/\/www.egemtv.com\/index.php?rest_route=%2Fwp%2Fv2%2Ftags&post=54624"}],"curies":[{"name":"wp","href":"https:\/\/api.w.org\/{rel}","templated":true}]}}