{"id":54618,"date":"2025-09-13T12:55:44","date_gmt":"2025-09-13T09:55:44","guid":{"rendered":"https:\/\/www.egemtv.com\/?p=54618"},"modified":"2025-09-13T12:55:45","modified_gmt":"2025-09-13T09:55:45","slug":"ak-parti-genel-baskan-yardimcisi-yayman-chpnin-icine-dustugu-durum-bizi-de-uzuyor","status":"publish","type":"post","link":"https:\/\/www.egemtv.com\/?p=54618","title":{"rendered":"AK Parti Genel Ba\u015fkan Yard\u0131mc\u0131s\u0131 Yayman: &#8220;CHP\u2019nin i\u00e7ine d\u00fc\u015ft\u00fc\u011f\u00fc durum bizi de \u00fcz\u00fcyor&#8221;"},"content":{"rendered":"<p>AK Parti Genel Ba\u015fkan Yard\u0131mc\u0131s\u0131, K\u00fclt\u00fcr ve Sanat Politikalar\u0131 Ba\u015fkan\u0131 H\u00fcseyin Yayman, &#8220;CHP\u2019nin i\u00e7ine d\u00fc\u015ft\u00fc\u011f\u00fc durum bizi de \u00fcz\u00fcyor&#8221; dedi.<br \/>\n<br \/>AK Partinin \u2018T\u00fcrkiye Y\u00fczy\u0131l\u0131 Bulu\u015fmalar\u0131\u2019 kapsam\u0131nda Genel Ba\u015fkan Yard\u0131mc\u0131s\u0131, K\u00fclt\u00fcr ve Sanat Politikalar\u0131 Ba\u015fkan\u0131 Hatay Milletvekili H\u00fcseyin Yayman ve \u0130stanbul Milletvekili ve MKYK \u00fcyesi Derya Ayayd\u0131n Mu\u011fla\u2019da partililer ve STK temsilcileri ile bir araya geldi.<br \/>\n<br \/>Mente\u015fe \u00d6\u011fretmenevi salonunda yap\u0131lan toplant\u0131 sonras\u0131 a\u00e7\u0131klama yapan AK Parti \u0130l Ba\u015fkan\u0131 Haluk La\u00e7in, &#8220;Cumhurba\u015fkan\u0131m\u0131z ve Genel Ba\u015fkan\u0131m\u0131z Say\u0131n Recep Tayyip Erdo\u011fan liderli\u011finde birlik ve beraberlik i\u00e7eresinde \u2018T\u00fcrkiye Y\u00fczy\u0131l\u0131\u2019 hedefleri do\u011frultusunda daha g\u00fc\u00e7l\u00fc yar\u0131nlara hep birlikte ilerleyece\u011fiz. Te\u015fkilat\u0131m\u0131z ile birlikte Mu\u011fla\u2019m\u0131zda yap\u0131lacak olan yat\u0131r\u0131mlar ile Mu\u011flal\u0131 hem\u015fehrilerimize hizmet etmeye devam edece\u011fiz&#8221; dedi.<br \/>\n<br \/>&#8220;CHP\u2019nin i\u00e7ine d\u00fc\u015ft\u00fc\u011f\u00fc taht oyunlar\u0131 \u00fcz\u00fcc\u00fcd\u00fcr, bizi de \u00fcz\u00fcyor&#8221;<br \/>\n<br \/>AK Parti Genel Ba\u015fkan Yard\u0131mc\u0131s\u0131, K\u00fclt\u00fcr ve Sanat Politikalar\u0131 Ba\u015fkan\u0131 H\u00fcseyin Yayman, son g\u00fcnlerde ana muhalefet partisi CHP\u2019de ya\u015fananlar ile ilgili de\u011ferlendirmede bulunarak, \u015fik\u00e2yet edenin CHP\u2019li, \u015fikayet edilenin CHP\u2019li, gizli veya a\u00e7\u0131k tan\u0131\u011f\u0131n CHP\u2019li, atanan kayy\u0131m\u0131n CHP\u2019li oldu\u011funu s\u00f6yledi. Yayman, &#8220;Biz, Cumhuriyet Halk Partisi ile siyaset alan\u0131nda rakibiz. Cumhuriyet Halk Partisi\u2019nin bu duruma d\u00fc\u015fmesini asla istemeyiz. Ve Cumhuriyet Halk Partisi, ne kadar g\u00fc\u00e7l\u00fc olursa, T\u00fcrkiye demokrasisi o kadar g\u00fc\u00e7l\u00fc olur. Biz iktidar olarak o kadar g\u00fc\u00e7l\u00fc oluruz. Ama Cumhuriyet Halk Partisi\u2019nin i\u00e7ine girdi\u011fi iktidar oyunu, taht oyunu, milletimizin g\u00f6z\u00fcn\u00fcn \u00f6n\u00fcnde cereyan etmektedir. Mustafa Kemal Atat\u00fcrk\u2019\u00fcn kurdu\u011fu, Cumhuriyet Halk Partisi\u2019nin i\u00e7ine girdi\u011fi bu taht oyunlar\u0131 ger\u00e7ekten \u00fcz\u00fcc\u00fcd\u00fcr. Biz de \u00fcz\u00fclmekteyiz onlar\u0131n bu durumuna. Dolay\u0131s\u0131yla Cumhuriyet Halk Partisi\u2019nin parti i\u00e7i iktidar olmak yerine, T\u00fcrkiye\u2019de iktidar\u0131 hedeflemesi, hem demokrasimizi g\u00fc\u00e7lendirecektir, hem AK Parti\u2019yi daha fazla \u00e7al\u0131\u015fmaya sevk edecektir&#8221; dedi.<br \/>\n<br \/>&#8220;Komisyonumuzun temel amac\u0131 ter\u00f6r \u00f6rg\u00fct\u00fcn\u00fcn silah b\u0131rakmas\u0131&#8221;<br \/>\n<br \/>\u2018Ter\u00f6rs\u00fcz T\u00fcrkiye\u2019 \u00e7al\u0131\u015fmalar\u0131 kapsam\u0131nda kurulan komisyonun \u00e7al\u0131\u015fmalar\u0131 hakk\u0131nda da bilgi veren Yayman, &#8220;Say\u0131n Cumhurba\u015fkan\u0131m\u0131z\u0131n i\u00e7 cepheyi g\u00fc\u00e7lendirece\u011fiz dedi\u011fi, Say\u0131n Devlet Bah\u00e7eli\u2019nin evet bu mesele art\u0131k sona ermelidir dedi\u011fi Ter\u00f6rs\u00fcz T\u00fcrkiye meselesinde de Cumhur \u0130ttifak\u0131 olarak ve millet olarak kararl\u0131 ad\u0131mlarla ilerlemekteyiz. Komisyonumuz g\u00fcndemine hakimdir. Bir al-ver s\u00fcreci yoktur. Bir pazarl\u0131k s\u00fcreci yoktur. Milletimizin bilmedi\u011fi hi\u00e7bir ad\u0131m at\u0131lmam\u0131\u015ft\u0131r. Komisyonumuzun temel g\u00fcndemi ter\u00f6r \u00f6rg\u00fct\u00fcn\u00fcn kendini feshetmesi ve silahlar\u0131n b\u0131rak\u0131lmas\u0131d\u0131r. Bu konuda iktidar\u0131yla, muhalefetiyle s\u00f6z birli\u011fi etmi\u015f durumday\u0131z. T\u00fcrkiye B\u00fcy\u00fck Millet Meclisi\u2019nde bu komisyonda siyasetin y\u00fczde 95\u2019i temsil edilmektedir. Gizli kap\u0131lar arkas\u0131nda hi\u00e7bir pazarl\u0131k yoktur. S\u00fcre\u00e7 \u015feffaf bir bi\u00e7imde ilerlemektedir. \u015eehit ailelerimiz gelip konu\u015fmu\u015ftur. Diyarbak\u0131r anneleri konu\u015fmu\u015ftur. \u00c7ocu\u011fu kay\u0131p olan anneler gelip konu\u015fmu\u015ftur. \u0130\u015f adamlar\u0131, barolar ve T\u00fcrkiye\u2019de s\u00f6z sahibi olan herkes gelip bu komisyonumuzda konu\u015fmu\u015ftur&#8221; dedi.<br \/>\n<br \/>Mu\u011fla\u2019da \u2018T\u00fcrkiye Y\u00fczy\u0131l\u0131 Bulu\u015fmalar\u0131\u2019 toplant\u0131s\u0131na Genel Ba\u015fkan Yard\u0131mc\u0131s\u0131, K\u00fclt\u00fcr ve Sanat Politikalar\u0131 Ba\u015fkan\u0131 Hatay Milletvekili H\u00fcseyin Yayman ve \u0130stanbul Milletvekili ve MKYK \u00fcyesi Derya Ayayd\u0131n d\u0131\u015f\u0131nda eski ve yeni milletvekilleri STK ba\u015fkan ve \u00fcyeleri de kat\u0131ld\u0131.<br \/><\/p>\n","protected":false},"excerpt":{"rendered":"<p>AK Parti Genel Ba\u015fkan Yard\u0131mc\u0131s\u0131, K\u00fclt\u00fcr ve Sanat Politikalar\u0131 Ba\u015fkan\u0131 H\u00fcseyin Yayman, &#8220;CHP\u2019nin i\u00e7ine d\u00fc\u015ft\u00fc\u011f\u00fc durum bizi de \u00fcz\u00fcyor&#8221; dedi. AK Partinin \u2018T\u00fcrkiye Y\u00fczy\u0131l\u0131 Bulu\u015fmalar\u0131\u2019 kapsam\u0131nda Genel Ba\u015fkan Yard\u0131mc\u0131s\u0131, K\u00fclt\u00fcr ve Sanat Politikalar\u0131 Ba\u015fkan\u0131 Hatay Milletvekili H\u00fcseyin Yayman ve \u0130stanbul Milletvekili ve MKYK \u00fcyesi Derya Ayayd\u0131n Mu\u011fla\u2019da partililer ve STK temsilcileri ile bir araya geldi&#8230;.<\/p>\n","protected":false},"author":1,"featured_media":54619,"comment_status":"open","ping_status":"open","sticky":false,"template":"","format":"standard","meta":{"_crdt_document":"","footnotes":""},"categories":[127],"tags":[],"class_list":["post-54618","post","type-post","status-publish","format-standard","has-post-thumbnail","hentry","category-siyaset"],"_links":{"self":[{"href":"https:\/\/www.egemtv.com\/index.php?rest_route=\/wp\/v2\/posts\/54618","targetHints":{"allow":["GET"]}}],"collection":[{"href":"https:\/\/www.egemtv.com\/index.php?rest_route=\/wp\/v2\/posts"}],"about":[{"href":"https:\/\/www.egemtv.com\/index.php?rest_route=\/wp\/v2\/types\/post"}],"author":[{"embeddable":true,"href":"https:\/\/www.egemtv.com\/index.php?rest_route=\/wp\/v2\/users\/1"}],"replies":[{"embeddable":true,"href":"https:\/\/www.egemtv.com\/index.php?rest_route=%2Fwp%2Fv2%2Fcomments&post=54618"}],"version-history":[{"count":1,"href":"https:\/\/www.egemtv.com\/index.php?rest_route=\/wp\/v2\/posts\/54618\/revisions"}],"predecessor-version":[{"id":54620,"href":"https:\/\/www.egemtv.com\/index.php?rest_route=\/wp\/v2\/posts\/54618\/revisions\/54620"}],"wp:featuredmedia":[{"embeddable":true,"href":"https:\/\/www.egemtv.com\/index.php?rest_route=\/wp\/v2\/media\/54619"}],"wp:attachment":[{"href":"https:\/\/www.egemtv.com\/index.php?rest_route=%2Fwp%2Fv2%2Fmedia&parent=54618"}],"wp:term":[{"taxonomy":"category","embeddable":true,"href":"https:\/\/www.egemtv.com\/index.php?rest_route=%2Fwp%2Fv2%2Fcategories&post=54618"},{"taxonomy":"post_tag","embeddable":true,"href":"https:\/\/www.egemtv.com\/index.php?rest_route=%2Fwp%2Fv2%2Ftags&post=54618"}],"curies":[{"name":"wp","href":"https:\/\/api.w.org\/{rel}","templated":true}]}}