{"id":54615,"date":"2025-09-13T12:55:43","date_gmt":"2025-09-13T09:55:43","guid":{"rendered":"https:\/\/www.egemtv.com\/?p=54615"},"modified":"2025-09-13T12:55:44","modified_gmt":"2025-09-13T09:55:44","slug":"anne-ve-anne-adaylarina-tutun-uyarisi-sigara-iciyorsan-bebegin-de-iciyor","status":"publish","type":"post","link":"https:\/\/www.egemtv.com\/?p=54615","title":{"rendered":"Anne ve anne adaylar\u0131na t\u00fct\u00fcn uyar\u0131s\u0131: Sigara i\u00e7iyorsan bebe\u011fin de i\u00e7iyor"},"content":{"rendered":"<p>Kad\u0131n hastal\u0131klar\u0131 ve Do\u011fum Uzman\u0131 Ezgi Ayd\u0131n , kad\u0131nlar aras\u0131nda gittik\u00e7e yayg\u0131nla\u015fan sigara t\u00fcketiminin, hamilelik ve emzirme d\u00f6neminden itibaren bebekleri tehdit etti\u011fini belirterek anne ve anne adaylar\u0131na &#8220;Sigara i\u00e7iyorsan bebe\u011fin de i\u00e7iyor&#8221; dedi.<br \/>\n<br \/>D\u00fcnyan\u0131n en \u00f6nemli sa\u011fl\u0131k sorunlar\u0131ndan biri olan t\u00fct\u00fcn ve t\u00fct\u00fcn mamulleri t\u00fcketiminin sadece i\u00e7ene de\u011fil \u00e7evresine ve \u00f6zellikle kad\u0131nlarda gelecek neslin sa\u011fl\u0131\u011f\u0131n\u0131 da olumsuz etkiledi\u011fini belirten Kad\u0131n Hastal\u0131klar\u0131 ve Do\u011fum Uzman\u0131 Ezgi Ayd\u0131n, sigara i\u00e7en kad\u0131nlar\u0131n bebeklerinin anneden daha fazla olumsuz etkilendi\u011fini kaydetti. \u00dclkemizde kad\u0131nlar\u0131n sigara kullanma oran\u0131n\u0131n her ge\u00e7en g\u00fcn artt\u0131\u011f\u0131n\u0131 bu durumun gelecek neslin sa\u011fl\u0131\u011f\u0131n\u0131 da riske att\u0131\u011f\u0131n\u0131 belirterek, &#8220;Maalesef istatistiklere bak\u0131ld\u0131\u011f\u0131nda geli\u015fmi\u015f \u00fclkelerde sigara kullan\u0131m oran\u0131 daha fazla. Ve bu oran onca m\u00fccadele ve kamu spotuna ra\u011fmen her ge\u00e7en g\u00fcn art\u0131yor. \u0130\u015fin en ac\u0131 yan\u0131 ise sigara kullanan kad\u0131nlar hamilelik ve emzirme d\u00f6neminde de bu k\u00f6t\u00fc al\u0131\u015fkanl\u0131\u011f\u0131 devam ettirmesi&#8221; diyerek kad\u0131nlara &#8220;Alkol ve sigara s\u00fct\u00fcn\u00fcz\u00fc zehirliyor. E\u011fer siz i\u00e7iyorsan\u0131z bebe\u011finiz de i\u00e7iyor&#8221; uyar\u0131s\u0131nda bulundu.<br \/>\n<br \/>Anne s\u00fct\u00fcn\u00fcn ve emzirmenin faydalar\u0131n\u0131n saymakla bitmeyecek kadar \u00e7ok oldu\u011funu kaydeden Kad\u0131n hastal\u0131klar\u0131 ve Do\u011fum Uzman\u0131 Ezgi Ayd\u0131n, &#8220;Bebek ve anne sa\u011fl\u0131\u011f\u0131 i\u00e7in hayati bir \u00f6neme sahip olan emzirme, bazen annelerin duyars\u0131zl\u0131\u011f\u0131 nedeniyle \u00e7ocu\u011fun sa\u011fl\u0131\u011f\u0131n\u0131 olumsuz etkileyebiliyor. \u00d6zellikle emzirme d\u00f6neminde i\u00e7ilen sigara ve t\u00fcketilen alkol maalesef \u00e7ocu\u011fa direkt etki ediyor. Yani asl\u0131nda bin bir \u015fifas\u0131 bulunan anne s\u00fct\u00fc bebekler i\u00e7in s\u0131k\u0131nt\u0131l\u0131 bir besin olabiliyor&#8221; diyerek \u00f6zellikle anne ve anne adaylar\u0131n\u0131n sigara ve alkolden uzak durmas\u0131n\u0131 tavsiye etti.<br \/><\/p>\n","protected":false},"excerpt":{"rendered":"<p>Kad\u0131n hastal\u0131klar\u0131 ve Do\u011fum Uzman\u0131 Ezgi Ayd\u0131n , kad\u0131nlar aras\u0131nda gittik\u00e7e yayg\u0131nla\u015fan sigara t\u00fcketiminin, hamilelik ve emzirme d\u00f6neminden itibaren bebekleri tehdit etti\u011fini belirterek anne ve anne adaylar\u0131na &#8220;Sigara i\u00e7iyorsan bebe\u011fin de i\u00e7iyor&#8221; dedi. D\u00fcnyan\u0131n en \u00f6nemli sa\u011fl\u0131k sorunlar\u0131ndan biri olan t\u00fct\u00fcn ve t\u00fct\u00fcn mamulleri t\u00fcketiminin sadece i\u00e7ene de\u011fil \u00e7evresine ve \u00f6zellikle kad\u0131nlarda gelecek neslin sa\u011fl\u0131\u011f\u0131n\u0131&#8230;<\/p>\n","protected":false},"author":1,"featured_media":54616,"comment_status":"open","ping_status":"open","sticky":false,"template":"","format":"standard","meta":{"_crdt_document":"","footnotes":""},"categories":[2],"tags":[],"class_list":["post-54615","post","type-post","status-publish","format-standard","has-post-thumbnail","hentry","category-saglik"],"_links":{"self":[{"href":"https:\/\/www.egemtv.com\/index.php?rest_route=\/wp\/v2\/posts\/54615","targetHints":{"allow":["GET"]}}],"collection":[{"href":"https:\/\/www.egemtv.com\/index.php?rest_route=\/wp\/v2\/posts"}],"about":[{"href":"https:\/\/www.egemtv.com\/index.php?rest_route=\/wp\/v2\/types\/post"}],"author":[{"embeddable":true,"href":"https:\/\/www.egemtv.com\/index.php?rest_route=\/wp\/v2\/users\/1"}],"replies":[{"embeddable":true,"href":"https:\/\/www.egemtv.com\/index.php?rest_route=%2Fwp%2Fv2%2Fcomments&post=54615"}],"version-history":[{"count":1,"href":"https:\/\/www.egemtv.com\/index.php?rest_route=\/wp\/v2\/posts\/54615\/revisions"}],"predecessor-version":[{"id":54617,"href":"https:\/\/www.egemtv.com\/index.php?rest_route=\/wp\/v2\/posts\/54615\/revisions\/54617"}],"wp:featuredmedia":[{"embeddable":true,"href":"https:\/\/www.egemtv.com\/index.php?rest_route=\/wp\/v2\/media\/54616"}],"wp:attachment":[{"href":"https:\/\/www.egemtv.com\/index.php?rest_route=%2Fwp%2Fv2%2Fmedia&parent=54615"}],"wp:term":[{"taxonomy":"category","embeddable":true,"href":"https:\/\/www.egemtv.com\/index.php?rest_route=%2Fwp%2Fv2%2Fcategories&post=54615"},{"taxonomy":"post_tag","embeddable":true,"href":"https:\/\/www.egemtv.com\/index.php?rest_route=%2Fwp%2Fv2%2Ftags&post=54615"}],"curies":[{"name":"wp","href":"https:\/\/api.w.org\/{rel}","templated":true}]}}