{"id":54609,"date":"2025-09-13T12:55:41","date_gmt":"2025-09-13T09:55:41","guid":{"rendered":"https:\/\/www.egemtv.com\/?p=54609"},"modified":"2025-09-13T12:55:42","modified_gmt":"2025-09-13T09:55:42","slug":"jandarma-genel-komutani-orgeneral-cardakci-muglada-incelemelerde-bulundu","status":"publish","type":"post","link":"https:\/\/www.egemtv.com\/?p=54609","title":{"rendered":"Jandarma Genel Komutan\u0131 Orgeneral \u00c7ardakc\u0131 Mu\u011fla\u2019da incelemelerde bulundu"},"content":{"rendered":"<p>Jandarma Genel Komutan\u0131 Orgeneral Ali \u00c7ardakc\u0131, Mu\u011fla \u0130l Jandarma Komutanl\u0131\u011f\u0131\u2019n\u0131 ziyaret ederek incelemelerde bulundu.<\/p>\n<p>Ziyaret kapsam\u0131nda Mu\u011fla \u0130l Jandarma Komutanl\u0131\u011f\u0131ndaki faaliyetler hakk\u0131nda brifing alan Orgeneral \u00c7ardakc\u0131, y\u00fcr\u00fct\u00fclen \u00e7al\u0131\u015fmalar ve kent genelinde asayi\u015fin sa\u011flanmas\u0131na y\u00f6nelik faaliyetlerle ilgili bilgi ald\u0131. Personelle de bir araya gelen Orgeneral \u00c7ardakc\u0131, g\u00f6rev ba\u015f\u0131ndaki jandarma te\u015fkilat\u0131na \u00f6zverili \u00e7al\u0131\u015fmalar\u0131ndan dolay\u0131 te\u015fekk\u00fcr ederek ba\u015far\u0131lar diledi.<br \/><\/p>\n","protected":false},"excerpt":{"rendered":"<p>Jandarma Genel Komutan\u0131 Orgeneral Ali \u00c7ardakc\u0131, Mu\u011fla \u0130l Jandarma Komutanl\u0131\u011f\u0131\u2019n\u0131 ziyaret ederek incelemelerde bulundu. Ziyaret kapsam\u0131nda Mu\u011fla \u0130l Jandarma Komutanl\u0131\u011f\u0131ndaki faaliyetler hakk\u0131nda brifing alan Orgeneral \u00c7ardakc\u0131, y\u00fcr\u00fct\u00fclen \u00e7al\u0131\u015fmalar ve kent genelinde asayi\u015fin sa\u011flanmas\u0131na y\u00f6nelik faaliyetlerle ilgili bilgi ald\u0131. Personelle de bir araya gelen Orgeneral \u00c7ardakc\u0131, g\u00f6rev ba\u015f\u0131ndaki jandarma te\u015fkilat\u0131na \u00f6zverili \u00e7al\u0131\u015fmalar\u0131ndan dolay\u0131 te\u015fekk\u00fcr ederek ba\u015far\u0131lar&#8230;<\/p>\n","protected":false},"author":1,"featured_media":54610,"comment_status":"open","ping_status":"open","sticky":false,"template":"","format":"standard","meta":{"_crdt_document":"","footnotes":""},"categories":[1],"tags":[],"class_list":["post-54609","post","type-post","status-publish","format-standard","has-post-thumbnail","hentry","category-guncel"],"_links":{"self":[{"href":"https:\/\/www.egemtv.com\/index.php?rest_route=\/wp\/v2\/posts\/54609","targetHints":{"allow":["GET"]}}],"collection":[{"href":"https:\/\/www.egemtv.com\/index.php?rest_route=\/wp\/v2\/posts"}],"about":[{"href":"https:\/\/www.egemtv.com\/index.php?rest_route=\/wp\/v2\/types\/post"}],"author":[{"embeddable":true,"href":"https:\/\/www.egemtv.com\/index.php?rest_route=\/wp\/v2\/users\/1"}],"replies":[{"embeddable":true,"href":"https:\/\/www.egemtv.com\/index.php?rest_route=%2Fwp%2Fv2%2Fcomments&post=54609"}],"version-history":[{"count":1,"href":"https:\/\/www.egemtv.com\/index.php?rest_route=\/wp\/v2\/posts\/54609\/revisions"}],"predecessor-version":[{"id":54611,"href":"https:\/\/www.egemtv.com\/index.php?rest_route=\/wp\/v2\/posts\/54609\/revisions\/54611"}],"wp:featuredmedia":[{"embeddable":true,"href":"https:\/\/www.egemtv.com\/index.php?rest_route=\/wp\/v2\/media\/54610"}],"wp:attachment":[{"href":"https:\/\/www.egemtv.com\/index.php?rest_route=%2Fwp%2Fv2%2Fmedia&parent=54609"}],"wp:term":[{"taxonomy":"category","embeddable":true,"href":"https:\/\/www.egemtv.com\/index.php?rest_route=%2Fwp%2Fv2%2Fcategories&post=54609"},{"taxonomy":"post_tag","embeddable":true,"href":"https:\/\/www.egemtv.com\/index.php?rest_route=%2Fwp%2Fv2%2Ftags&post=54609"}],"curies":[{"name":"wp","href":"https:\/\/api.w.org\/{rel}","templated":true}]}}