{"id":54594,"date":"2025-09-13T12:15:03","date_gmt":"2025-09-13T09:15:03","guid":{"rendered":"https:\/\/www.egemtv.com\/?p=54594"},"modified":"2025-09-13T12:15:04","modified_gmt":"2025-09-13T09:15:04","slug":"dask-tiri-afyonkarahisara-geliyor","status":"publish","type":"post","link":"https:\/\/www.egemtv.com\/?p=54594","title":{"rendered":"DASK T\u0131r\u0131 Afyonkarahisar\u2019a geliyor"},"content":{"rendered":"<p>Vatanda\u015flar\u0131n deprem ger\u00e7e\u011fine kar\u015f\u0131 bilin\u00e7lenmesi ve Zorunlu Deprem Sigortas\u0131\u2019n\u0131n (ZDS) \u00f6neminin vurgulanmas\u0131 amac\u0131yla Do\u011fal Afet Sigortalar\u0131 Kurumu (DASK) taraf\u0131ndan y\u00fcr\u00fct\u00fclen \u2018DASK T\u0131r\u0131 Yollarda\u2019 projesi \u00e7er\u00e7evesinde Afyonkarahisar\u2019da bir etkinlik ger\u00e7ekle\u015ftirilecek.<br \/>\n<br \/>Afyonkarahisar Ticaret ve Sanayi Odas\u0131 (ATSO) Sigorta \u0130\u015fletmeleri Meslek Komitesi\u2019nin de etkinli\u011fe katk\u0131 sa\u011flayaca\u011f\u0131 belirtildi. Konuyla ilgili ATSO\u2019dan yap\u0131lan a\u00e7\u0131klamada, &#8220;Bu \u00e7er\u00e7evede DASK T\u0131r\u0131 17 Eyl\u00fcl 2025 \u00c7ar\u015famba g\u00fcn\u00fc Afyonkarahisar Zafer Kent Meydan\u0131\u2019nda vatanda\u015flar\u0131m\u0131zla bulu\u015facakt\u0131r. T\u00fcm g\u00fcn s\u00fcrecek etkinliklerde deprem bilinci ve Zorunlu Deprem Sigortas\u0131 fark\u0131ndal\u0131\u011f\u0131n\u0131n art\u0131r\u0131lmas\u0131na y\u00f6nelik \u00e7al\u0131\u015fmalar ger\u00e7ekle\u015ftirilecektir. DASK T\u0131r\u0131\u2019nda Zorunlu Deprem Sigortas\u0131 hakk\u0131nda bilgilendirmeler yap\u0131lacak, deprem an\u0131nda do\u011fru davran\u0131\u015f bi\u00e7imlerinin anlat\u0131laca\u011f\u0131 bilin\u00e7lendirme \u00e7al\u0131\u015fmalar\u0131 ger\u00e7ekle\u015ftirilecek. VR g\u00f6zl\u00fcklerle sanal deprem deneyimi gibi aktiviteler yap\u0131lacakt\u0131r&#8221; denildi.<br \/><\/p>\n","protected":false},"excerpt":{"rendered":"<p>Vatanda\u015flar\u0131n deprem ger\u00e7e\u011fine kar\u015f\u0131 bilin\u00e7lenmesi ve Zorunlu Deprem Sigortas\u0131\u2019n\u0131n (ZDS) \u00f6neminin vurgulanmas\u0131 amac\u0131yla Do\u011fal Afet Sigortalar\u0131 Kurumu (DASK) taraf\u0131ndan y\u00fcr\u00fct\u00fclen \u2018DASK T\u0131r\u0131 Yollarda\u2019 projesi \u00e7er\u00e7evesinde Afyonkarahisar\u2019da bir etkinlik ger\u00e7ekle\u015ftirilecek. Afyonkarahisar Ticaret ve Sanayi Odas\u0131 (ATSO) Sigorta \u0130\u015fletmeleri Meslek Komitesi\u2019nin de etkinli\u011fe katk\u0131 sa\u011flayaca\u011f\u0131 belirtildi. Konuyla ilgili ATSO\u2019dan yap\u0131lan a\u00e7\u0131klamada, &#8220;Bu \u00e7er\u00e7evede DASK T\u0131r\u0131 17 Eyl\u00fcl&#8230;<\/p>\n","protected":false},"author":1,"featured_media":54595,"comment_status":"open","ping_status":"open","sticky":false,"template":"","format":"standard","meta":{"_crdt_document":"","footnotes":""},"categories":[1],"tags":[],"class_list":["post-54594","post","type-post","status-publish","format-standard","has-post-thumbnail","hentry","category-guncel"],"_links":{"self":[{"href":"https:\/\/www.egemtv.com\/index.php?rest_route=\/wp\/v2\/posts\/54594","targetHints":{"allow":["GET"]}}],"collection":[{"href":"https:\/\/www.egemtv.com\/index.php?rest_route=\/wp\/v2\/posts"}],"about":[{"href":"https:\/\/www.egemtv.com\/index.php?rest_route=\/wp\/v2\/types\/post"}],"author":[{"embeddable":true,"href":"https:\/\/www.egemtv.com\/index.php?rest_route=\/wp\/v2\/users\/1"}],"replies":[{"embeddable":true,"href":"https:\/\/www.egemtv.com\/index.php?rest_route=%2Fwp%2Fv2%2Fcomments&post=54594"}],"version-history":[{"count":1,"href":"https:\/\/www.egemtv.com\/index.php?rest_route=\/wp\/v2\/posts\/54594\/revisions"}],"predecessor-version":[{"id":54596,"href":"https:\/\/www.egemtv.com\/index.php?rest_route=\/wp\/v2\/posts\/54594\/revisions\/54596"}],"wp:featuredmedia":[{"embeddable":true,"href":"https:\/\/www.egemtv.com\/index.php?rest_route=\/wp\/v2\/media\/54595"}],"wp:attachment":[{"href":"https:\/\/www.egemtv.com\/index.php?rest_route=%2Fwp%2Fv2%2Fmedia&parent=54594"}],"wp:term":[{"taxonomy":"category","embeddable":true,"href":"https:\/\/www.egemtv.com\/index.php?rest_route=%2Fwp%2Fv2%2Fcategories&post=54594"},{"taxonomy":"post_tag","embeddable":true,"href":"https:\/\/www.egemtv.com\/index.php?rest_route=%2Fwp%2Fv2%2Ftags&post=54594"}],"curies":[{"name":"wp","href":"https:\/\/api.w.org\/{rel}","templated":true}]}}