{"id":54591,"date":"2025-09-13T11:54:41","date_gmt":"2025-09-13T08:54:41","guid":{"rendered":"https:\/\/www.egemtv.com\/?p=54591"},"modified":"2025-09-13T11:54:42","modified_gmt":"2025-09-13T08:54:42","slug":"afyonkarahisarda-guvenlik-ve-asayis-toplantisi","status":"publish","type":"post","link":"https:\/\/www.egemtv.com\/?p=54591","title":{"rendered":"Afyonkarahisar\u2019da g\u00fcvenlik ve asayi\u015f toplant\u0131s\u0131"},"content":{"rendered":"<p>Afyonkarahisar\u2019a ger\u00e7ekle\u015ftirilen g\u00fcvenlik ve asayi\u015f toplant\u0131s\u0131nda okullar\u0131n a\u00e7\u0131lmas\u0131 ile al\u0131nana tedbirler masaya yat\u0131r\u0131ld\u0131.<br \/>\n<br \/>Vali Do\u00e7. Dr. K\u00fcbra G\u00fcran Yi\u011fitba\u015f\u0131 ba\u015fkanl\u0131\u011f\u0131nda Vali Yard\u0131mc\u0131s\u0131 \u0130hsan Ayranc\u0131, \u0130l Emniyet M\u00fcd\u00fcr\u00fc Ahmet Birtan Erol ve \u0130l Jandarma Komutan\u0131 Jandarma Albay Murat Kaya\u2019n\u0131n kat\u0131l\u0131m\u0131yla bir de\u011ferlendirme toplant\u0131s\u0131 d\u00fczenlendi. Ger\u00e7ekle\u015ftirilen toplant\u0131 da okullar\u0131n a\u00e7\u0131lmas\u0131yla birlikte al\u0131nan g\u00fcvenlik ve asayi\u015f tedbirleri masaya yat\u0131r\u0131larak, fikir al\u0131\u015fveri\u015finde bulunuldu.<br \/><\/p>\n","protected":false},"excerpt":{"rendered":"<p>Afyonkarahisar\u2019a ger\u00e7ekle\u015ftirilen g\u00fcvenlik ve asayi\u015f toplant\u0131s\u0131nda okullar\u0131n a\u00e7\u0131lmas\u0131 ile al\u0131nana tedbirler masaya yat\u0131r\u0131ld\u0131. Vali Do\u00e7. Dr. K\u00fcbra G\u00fcran Yi\u011fitba\u015f\u0131 ba\u015fkanl\u0131\u011f\u0131nda Vali Yard\u0131mc\u0131s\u0131 \u0130hsan Ayranc\u0131, \u0130l Emniyet M\u00fcd\u00fcr\u00fc Ahmet Birtan Erol ve \u0130l Jandarma Komutan\u0131 Jandarma Albay Murat Kaya\u2019n\u0131n kat\u0131l\u0131m\u0131yla bir de\u011ferlendirme toplant\u0131s\u0131 d\u00fczenlendi. Ger\u00e7ekle\u015ftirilen toplant\u0131 da okullar\u0131n a\u00e7\u0131lmas\u0131yla birlikte al\u0131nan g\u00fcvenlik ve asayi\u015f tedbirleri masaya&#8230;<\/p>\n","protected":false},"author":1,"featured_media":54592,"comment_status":"open","ping_status":"open","sticky":false,"template":"","format":"standard","meta":{"_crdt_document":"","footnotes":""},"categories":[5],"tags":[],"class_list":["post-54591","post","type-post","status-publish","format-standard","has-post-thumbnail","hentry","category-asayis"],"_links":{"self":[{"href":"https:\/\/www.egemtv.com\/index.php?rest_route=\/wp\/v2\/posts\/54591","targetHints":{"allow":["GET"]}}],"collection":[{"href":"https:\/\/www.egemtv.com\/index.php?rest_route=\/wp\/v2\/posts"}],"about":[{"href":"https:\/\/www.egemtv.com\/index.php?rest_route=\/wp\/v2\/types\/post"}],"author":[{"embeddable":true,"href":"https:\/\/www.egemtv.com\/index.php?rest_route=\/wp\/v2\/users\/1"}],"replies":[{"embeddable":true,"href":"https:\/\/www.egemtv.com\/index.php?rest_route=%2Fwp%2Fv2%2Fcomments&post=54591"}],"version-history":[{"count":1,"href":"https:\/\/www.egemtv.com\/index.php?rest_route=\/wp\/v2\/posts\/54591\/revisions"}],"predecessor-version":[{"id":54593,"href":"https:\/\/www.egemtv.com\/index.php?rest_route=\/wp\/v2\/posts\/54591\/revisions\/54593"}],"wp:featuredmedia":[{"embeddable":true,"href":"https:\/\/www.egemtv.com\/index.php?rest_route=\/wp\/v2\/media\/54592"}],"wp:attachment":[{"href":"https:\/\/www.egemtv.com\/index.php?rest_route=%2Fwp%2Fv2%2Fmedia&parent=54591"}],"wp:term":[{"taxonomy":"category","embeddable":true,"href":"https:\/\/www.egemtv.com\/index.php?rest_route=%2Fwp%2Fv2%2Fcategories&post=54591"},{"taxonomy":"post_tag","embeddable":true,"href":"https:\/\/www.egemtv.com\/index.php?rest_route=%2Fwp%2Fv2%2Ftags&post=54591"}],"curies":[{"name":"wp","href":"https:\/\/api.w.org\/{rel}","templated":true}]}}