{"id":54585,"date":"2025-09-13T11:35:49","date_gmt":"2025-09-13T08:35:49","guid":{"rendered":"https:\/\/www.egemtv.com\/?p=54585"},"modified":"2025-09-13T11:35:50","modified_gmt":"2025-09-13T08:35:50","slug":"maski-yuntdaginda-arizalara-daha-kisa-surede-mudahale-edecek","status":"publish","type":"post","link":"https:\/\/www.egemtv.com\/?p=54585","title":{"rendered":"MASK\u0130, Yuntda\u011f\u0131\u2019nda ar\u0131zalara daha k\u0131sa s\u00fcrede m\u00fcdahale edecek"},"content":{"rendered":"<p>Manisa Su ve Kanalizasyon \u0130daresi (MASK\u0130) Genel M\u00fcd\u00fcrl\u00fc\u011f\u00fc, Yuntda\u011f\u0131 b\u00f6lgesindeki mahallere daha h\u0131zl\u0131 ve etkin hizmet ula\u015ft\u0131rmak i\u00e7in Osmancal\u0131 Mahallesi\u2019nde \u015fantiye alan\u0131 olu\u015fturuyor. Mahallede bulunan gasilhane binas\u0131n\u0131n kullan\u0131lmayan b\u00f6l\u00fcm\u00fcn\u00fc, MASK\u0130 \u0130\u00e7me Suyu \u015eantiyesi olarak yeniden yap\u0131land\u0131r\u0131yor. \u00c7al\u0131\u015fman\u0131n tamamlanmas\u0131yla ekipler ar\u0131zalara daha \u00e7abuk m\u00fcdahale imkan\u0131na sahip olacak.<br \/>\n<br \/>Manisa Su ve Kanalizasyon \u0130daresi Genel M\u00fcd\u00fcrl\u00fc\u011f\u00fc, k\u0131rsal b\u00f6lgelerde vatanda\u015flar\u0131n ya\u015fam kalitesini artt\u0131rmak i\u00e7in yat\u0131r\u0131mlar\u0131na devam ediyor.  Yunusemre il\u00e7esi Yuntda\u011f\u0131 b\u00f6lgesinde bulunan mahallelere daha h\u0131zl\u0131 ve etkin hizmet sunmak amac\u0131yla Osmancal\u0131\u2019da yeni bir hizmet birimi olu\u015fturma \u00e7al\u0131\u015fmalar\u0131na ba\u015flayan MASK\u0130, Manisa B\u00fcy\u00fck\u015fehir Belediyesi Mezarl\u0131k \u0130\u015fleri Daire Ba\u015fkanl\u0131\u011f\u0131\u2019na ait olan ve daha \u00f6nce gasilhane olarak tasarlanan binan\u0131n bir b\u00f6l\u00fcm\u00fcn\u00fc MASK\u0130 \u0130\u00e7me Suyu \u015eantiyesi olarak d\u00fczenleniyor. Yeni hizmet birimi, Yuntda\u011f\u0131 b\u00f6lgesinde yer alan mahallelerde ya\u015fanacak ar\u0131zalara daha h\u0131zl\u0131 m\u00fcdahale imkan\u0131 ve yak\u0131t tasarrufu sa\u011flayacak.<\/p>\n<p>&#8220;Bu b\u00f6lgeye daha h\u0131zl\u0131 hizmet i\u00e7in \u00f6nemli bir ad\u0131m at\u0131yoruz&#8221;<br \/>\n<br \/>MASK\u0130 Genel M\u00fcd\u00fcr Vekili B\u00fclent \u00c7amur, tadilat \u00e7al\u0131\u015fmalar\u0131nda sona gelinen binada incelemelerde bulunarak yetkililerden bilgi ald\u0131. B\u00f6lge halk\u0131na daha k\u0131sa s\u00fcrede hizmet ula\u015ft\u0131rmak i\u00e7in yap\u0131lan \u00e7al\u0131\u015fmalara dikkat \u00e7eken MASK\u0130 Genel M\u00fcd\u00fcr Vekili B\u00fclent \u00c7amur,  &#8220;MASK\u0130 olarak Yuntda\u011f\u0131 b\u00f6lgesi Osmancal\u0131 Mahallesi\u2019ndeki gasilhane binas\u0131n\u0131n bir k\u0131sm\u0131n\u0131 yeniden de\u011ferlendiriyoruz. Bu alana su ar\u0131za ekiplerimizi yerle\u015ftirecek, i\u015f makinelerini konu\u015fland\u0131raca\u011f\u0131z. B\u00f6ylece Yuntda\u011f\u0131 b\u00f6lgesinden gelecek taleplere \u00e7ok daha k\u0131sa s\u00fcrede cevap verebilece\u011fiz. Burada haz\u0131r bulunacak ekiplerimiz sayesinde olu\u015fan ar\u0131zalara m\u00fcdahalede hem h\u0131z kazanaca\u011f\u0131z hem de yak\u0131t tasarrufu sa\u011flayaca\u011f\u0131z. B\u00fcy\u00fck\u015fehir Belediye Ba\u015fkan\u0131m\u0131z Besim Dutlulu \u00f6nc\u00fcl\u00fc\u011f\u00fcnde, MASK\u0130 Genel M\u00fcd\u00fcrl\u00fc\u011f\u00fc olarak Manisa\u2019m\u0131z\u0131n her k\u00f6\u015fesine hizmet g\u00f6t\u00fcrmeye kararl\u0131l\u0131kla devam edece\u011fiz&#8221; diye konu\u015ftu.<br \/>\n<br \/>Manisa B\u00fcy\u00fck\u015fehir Belediye Ba\u015fkan\u0131 Besim Dutlulu, B\u00fcy\u00fck\u015fehir Belediyesi olarak vatanda\u015flar\u0131n i\u015flerini kolayla\u015ft\u0131rmak i\u00e7in her zaman sahada olduklar\u0131n\u0131 s\u00f6yledi. Ba\u015fkan Dutlulu, &#8220;Belediyecilik anlam\u0131nda hizmetlerimize ve yat\u0131r\u0131mlar\u0131m\u0131za devam ederken di\u011fer yandan da sosyal belediyecilik anlam\u0131nda vatanda\u015flar\u0131m\u0131z\u0131n i\u015flerini kolayla\u015ft\u0131rmaya devam ediyoruz. Vatanda\u015f\u0131m\u0131z\u0131n sorunlar\u0131n\u0131 en k\u0131sa s\u00fcrede \u00e7\u00f6zmek i\u00e7in yeni projelerimizi hayata ge\u00e7iriyoruz. Yuntda\u011f\u0131 b\u00f6lgesinde de ya\u015fanabilecek altyap\u0131 ar\u0131zalar\u0131na kar\u015f\u0131l\u0131k bir ekibimizi b\u00f6lgeye konu\u015fland\u0131rd\u0131k. Ya\u015fanabilecek ar\u0131zalara kar\u015f\u0131 ekiplerimiz daha \u00e7abuk m\u00fcdahale edebilecek. Zaman y\u00f6n\u00fcnden de hem bize hem vatanda\u015flar\u0131m\u0131za art\u0131 de\u011fer katacak bu sistem ile ayn\u0131 zamanda yak\u0131t tasarrufu da sa\u011flam\u0131\u015f olaca\u011f\u0131z&#8221; dedi.<br \/><\/p>\n","protected":false},"excerpt":{"rendered":"<p>Manisa Su ve Kanalizasyon \u0130daresi (MASK\u0130) Genel M\u00fcd\u00fcrl\u00fc\u011f\u00fc, Yuntda\u011f\u0131 b\u00f6lgesindeki mahallere daha h\u0131zl\u0131 ve etkin hizmet ula\u015ft\u0131rmak i\u00e7in Osmancal\u0131 Mahallesi\u2019nde \u015fantiye alan\u0131 olu\u015fturuyor. Mahallede bulunan gasilhane binas\u0131n\u0131n kullan\u0131lmayan b\u00f6l\u00fcm\u00fcn\u00fc, MASK\u0130 \u0130\u00e7me Suyu \u015eantiyesi olarak yeniden yap\u0131land\u0131r\u0131yor. \u00c7al\u0131\u015fman\u0131n tamamlanmas\u0131yla ekipler ar\u0131zalara daha \u00e7abuk m\u00fcdahale imkan\u0131na sahip olacak. Manisa Su ve Kanalizasyon \u0130daresi Genel M\u00fcd\u00fcrl\u00fc\u011f\u00fc, k\u0131rsal b\u00f6lgelerde&#8230;<\/p>\n","protected":false},"author":1,"featured_media":54586,"comment_status":"open","ping_status":"open","sticky":false,"template":"","format":"standard","meta":{"_crdt_document":"","footnotes":""},"categories":[123],"tags":[],"class_list":["post-54585","post","type-post","status-publish","format-standard","has-post-thumbnail","hentry","category-gundem"],"_links":{"self":[{"href":"https:\/\/www.egemtv.com\/index.php?rest_route=\/wp\/v2\/posts\/54585","targetHints":{"allow":["GET"]}}],"collection":[{"href":"https:\/\/www.egemtv.com\/index.php?rest_route=\/wp\/v2\/posts"}],"about":[{"href":"https:\/\/www.egemtv.com\/index.php?rest_route=\/wp\/v2\/types\/post"}],"author":[{"embeddable":true,"href":"https:\/\/www.egemtv.com\/index.php?rest_route=\/wp\/v2\/users\/1"}],"replies":[{"embeddable":true,"href":"https:\/\/www.egemtv.com\/index.php?rest_route=%2Fwp%2Fv2%2Fcomments&post=54585"}],"version-history":[{"count":1,"href":"https:\/\/www.egemtv.com\/index.php?rest_route=\/wp\/v2\/posts\/54585\/revisions"}],"predecessor-version":[{"id":54587,"href":"https:\/\/www.egemtv.com\/index.php?rest_route=\/wp\/v2\/posts\/54585\/revisions\/54587"}],"wp:featuredmedia":[{"embeddable":true,"href":"https:\/\/www.egemtv.com\/index.php?rest_route=\/wp\/v2\/media\/54586"}],"wp:attachment":[{"href":"https:\/\/www.egemtv.com\/index.php?rest_route=%2Fwp%2Fv2%2Fmedia&parent=54585"}],"wp:term":[{"taxonomy":"category","embeddable":true,"href":"https:\/\/www.egemtv.com\/index.php?rest_route=%2Fwp%2Fv2%2Fcategories&post=54585"},{"taxonomy":"post_tag","embeddable":true,"href":"https:\/\/www.egemtv.com\/index.php?rest_route=%2Fwp%2Fv2%2Ftags&post=54585"}],"curies":[{"name":"wp","href":"https:\/\/api.w.org\/{rel}","templated":true}]}}