{"id":54582,"date":"2025-09-13T11:35:48","date_gmt":"2025-09-13T08:35:48","guid":{"rendered":"https:\/\/www.egemtv.com\/?p=54582"},"modified":"2025-09-13T11:35:49","modified_gmt":"2025-09-13T08:35:49","slug":"din-gorevlisi-adaylarina-ilk-yardim-semineri","status":"publish","type":"post","link":"https:\/\/www.egemtv.com\/?p=54582","title":{"rendered":"Din g\u00f6revlisi adaylar\u0131na ilk yard\u0131m semineri"},"content":{"rendered":"<p>K\u00fctahya Dini \u0130htisas Merkezi\u2019nde din g\u00f6revlisi adaylar\u0131na y\u00f6nelik \u2019112 Acil \u00c7a\u011fr\u0131 Merkezi Bilgilendirmesi\u2019 ve \u2019Acil \u0130lk Yard\u0131m Fark\u0131ndal\u0131\u011f\u0131\u2019 e\u011fitimleri d\u00fczenlendi.<br \/>\n<br \/>Program \u00e7er\u00e7evesinde; K\u00fctahya 112 Acil \u00c7a\u011fr\u0131 Merkezi M\u00fcd\u00fcrl\u00fc\u011f\u00fc E\u011fitim Sorumlusu \u00d6zg\u00fcr Ceyran, acil \u00e7a\u011fr\u0131 sisteminin i\u015fleyi\u015fi hakk\u0131nda bilgilendirme yapt\u0131. \u0130l Sa\u011fl\u0131k M\u00fcd\u00fcrl\u00fc\u011f\u00fc E\u011fitim Sorumlusu Erol Y\u0131ld\u0131z taraf\u0131ndan ise, temel ilk yard\u0131m fark\u0131ndal\u0131\u011f\u0131na y\u00f6nelik e\u011fitim verildi. E\u011fitimlerin ard\u0131ndan K\u00fctahya 112 Acil \u00c7a\u011fr\u0131 Merkezi M\u00fcd\u00fcr\u00fc Tamer Yi\u011fit, Dini \u0130htisas Merkezi\u2019ne nezaket ziyareti ger\u00e7ekle\u015ftirdi.<br \/><\/p>\n","protected":false},"excerpt":{"rendered":"<p>K\u00fctahya Dini \u0130htisas Merkezi\u2019nde din g\u00f6revlisi adaylar\u0131na y\u00f6nelik \u2019112 Acil \u00c7a\u011fr\u0131 Merkezi Bilgilendirmesi\u2019 ve \u2019Acil \u0130lk Yard\u0131m Fark\u0131ndal\u0131\u011f\u0131\u2019 e\u011fitimleri d\u00fczenlendi. Program \u00e7er\u00e7evesinde; K\u00fctahya 112 Acil \u00c7a\u011fr\u0131 Merkezi M\u00fcd\u00fcrl\u00fc\u011f\u00fc E\u011fitim Sorumlusu \u00d6zg\u00fcr Ceyran, acil \u00e7a\u011fr\u0131 sisteminin i\u015fleyi\u015fi hakk\u0131nda bilgilendirme yapt\u0131. \u0130l Sa\u011fl\u0131k M\u00fcd\u00fcrl\u00fc\u011f\u00fc E\u011fitim Sorumlusu Erol Y\u0131ld\u0131z taraf\u0131ndan ise, temel ilk yard\u0131m fark\u0131ndal\u0131\u011f\u0131na y\u00f6nelik e\u011fitim verildi&#8230;.<\/p>\n","protected":false},"author":1,"featured_media":54583,"comment_status":"open","ping_status":"open","sticky":false,"template":"","format":"standard","meta":{"_crdt_document":"","footnotes":""},"categories":[1],"tags":[],"class_list":["post-54582","post","type-post","status-publish","format-standard","has-post-thumbnail","hentry","category-guncel"],"_links":{"self":[{"href":"https:\/\/www.egemtv.com\/index.php?rest_route=\/wp\/v2\/posts\/54582","targetHints":{"allow":["GET"]}}],"collection":[{"href":"https:\/\/www.egemtv.com\/index.php?rest_route=\/wp\/v2\/posts"}],"about":[{"href":"https:\/\/www.egemtv.com\/index.php?rest_route=\/wp\/v2\/types\/post"}],"author":[{"embeddable":true,"href":"https:\/\/www.egemtv.com\/index.php?rest_route=\/wp\/v2\/users\/1"}],"replies":[{"embeddable":true,"href":"https:\/\/www.egemtv.com\/index.php?rest_route=%2Fwp%2Fv2%2Fcomments&post=54582"}],"version-history":[{"count":1,"href":"https:\/\/www.egemtv.com\/index.php?rest_route=\/wp\/v2\/posts\/54582\/revisions"}],"predecessor-version":[{"id":54584,"href":"https:\/\/www.egemtv.com\/index.php?rest_route=\/wp\/v2\/posts\/54582\/revisions\/54584"}],"wp:featuredmedia":[{"embeddable":true,"href":"https:\/\/www.egemtv.com\/index.php?rest_route=\/wp\/v2\/media\/54583"}],"wp:attachment":[{"href":"https:\/\/www.egemtv.com\/index.php?rest_route=%2Fwp%2Fv2%2Fmedia&parent=54582"}],"wp:term":[{"taxonomy":"category","embeddable":true,"href":"https:\/\/www.egemtv.com\/index.php?rest_route=%2Fwp%2Fv2%2Fcategories&post=54582"},{"taxonomy":"post_tag","embeddable":true,"href":"https:\/\/www.egemtv.com\/index.php?rest_route=%2Fwp%2Fv2%2Ftags&post=54582"}],"curies":[{"name":"wp","href":"https:\/\/api.w.org\/{rel}","templated":true}]}}