{"id":54579,"date":"2025-09-13T11:35:48","date_gmt":"2025-09-13T08:35:48","guid":{"rendered":"https:\/\/www.egemtv.com\/?p=54579"},"modified":"2025-09-13T11:35:48","modified_gmt":"2025-09-13T08:35:48","slug":"ahsap-evde-cikan-yangin-panige-sebep-oldu","status":"publish","type":"post","link":"https:\/\/www.egemtv.com\/?p=54579","title":{"rendered":"Ah\u015fap evde \u00e7\u0131kan yang\u0131n pani\u011fe sebep oldu"},"content":{"rendered":"<p>K\u00fctahya\u2019da ah\u015fap evde \u00e7\u0131kan yang\u0131n itfaiye ekiplerinin m\u00fcdahalesiyle s\u00f6nd\u00fcr\u00fcld\u00fc.<br \/>\n<br \/>Olay, Alt\u0131nta\u015f \u0130l\u00e7esi\u2019ne ba\u011fl\u0131 Ye\u015filyurt K\u00f6y\u00fc\u2019nde meydana geldi. Edinilen bilgiye g\u00f6re, Osman Kara\u2019ya ait ah\u015fap evde hen\u00fcz belirlenemeyen sebeple yang\u0131n \u00e7\u0131kt\u0131. Evden y\u00fckselen alevleri ve dumanlar\u0131 g\u00f6ren vatanda\u015flar 112 Acil Servis\u2019e haber verdi. \u0130hbar \u00fczerine b\u00f6lgeye itfaiye ekipleri sevk edildi. Ekiplerin m\u00fcdahalesiyle k\u0131sa s\u00fcrede s\u00f6nd\u00fcr\u00fclen yang\u0131n sonucunda evde maddi hasar olu\u015ftu\u011fu \u00f6\u011frenildi.<br \/>\n<br \/>Yang\u0131n\u0131n kesin \u00e7\u0131k\u0131\u015f nedeninin belirlenmesi i\u00e7in soru\u015fturma ba\u015flat\u0131ld\u0131.<br \/><\/p>\n","protected":false},"excerpt":{"rendered":"<p>K\u00fctahya\u2019da ah\u015fap evde \u00e7\u0131kan yang\u0131n itfaiye ekiplerinin m\u00fcdahalesiyle s\u00f6nd\u00fcr\u00fcld\u00fc. Olay, Alt\u0131nta\u015f \u0130l\u00e7esi\u2019ne ba\u011fl\u0131 Ye\u015filyurt K\u00f6y\u00fc\u2019nde meydana geldi. Edinilen bilgiye g\u00f6re, Osman Kara\u2019ya ait ah\u015fap evde hen\u00fcz belirlenemeyen sebeple yang\u0131n \u00e7\u0131kt\u0131. Evden y\u00fckselen alevleri ve dumanlar\u0131 g\u00f6ren vatanda\u015flar 112 Acil Servis\u2019e haber verdi. \u0130hbar \u00fczerine b\u00f6lgeye itfaiye ekipleri sevk edildi. Ekiplerin m\u00fcdahalesiyle k\u0131sa s\u00fcrede s\u00f6nd\u00fcr\u00fclen yang\u0131n&#8230;<\/p>\n","protected":false},"author":1,"featured_media":54580,"comment_status":"open","ping_status":"open","sticky":false,"template":"","format":"standard","meta":{"_crdt_document":"","footnotes":""},"categories":[5],"tags":[],"class_list":["post-54579","post","type-post","status-publish","format-standard","has-post-thumbnail","hentry","category-asayis"],"_links":{"self":[{"href":"https:\/\/www.egemtv.com\/index.php?rest_route=\/wp\/v2\/posts\/54579","targetHints":{"allow":["GET"]}}],"collection":[{"href":"https:\/\/www.egemtv.com\/index.php?rest_route=\/wp\/v2\/posts"}],"about":[{"href":"https:\/\/www.egemtv.com\/index.php?rest_route=\/wp\/v2\/types\/post"}],"author":[{"embeddable":true,"href":"https:\/\/www.egemtv.com\/index.php?rest_route=\/wp\/v2\/users\/1"}],"replies":[{"embeddable":true,"href":"https:\/\/www.egemtv.com\/index.php?rest_route=%2Fwp%2Fv2%2Fcomments&post=54579"}],"version-history":[{"count":1,"href":"https:\/\/www.egemtv.com\/index.php?rest_route=\/wp\/v2\/posts\/54579\/revisions"}],"predecessor-version":[{"id":54581,"href":"https:\/\/www.egemtv.com\/index.php?rest_route=\/wp\/v2\/posts\/54579\/revisions\/54581"}],"wp:featuredmedia":[{"embeddable":true,"href":"https:\/\/www.egemtv.com\/index.php?rest_route=\/wp\/v2\/media\/54580"}],"wp:attachment":[{"href":"https:\/\/www.egemtv.com\/index.php?rest_route=%2Fwp%2Fv2%2Fmedia&parent=54579"}],"wp:term":[{"taxonomy":"category","embeddable":true,"href":"https:\/\/www.egemtv.com\/index.php?rest_route=%2Fwp%2Fv2%2Fcategories&post=54579"},{"taxonomy":"post_tag","embeddable":true,"href":"https:\/\/www.egemtv.com\/index.php?rest_route=%2Fwp%2Fv2%2Ftags&post=54579"}],"curies":[{"name":"wp","href":"https:\/\/api.w.org\/{rel}","templated":true}]}}